{"id":1284,"date":"2025-09-10T09:00:00","date_gmt":"2025-09-10T07:00:00","guid":{"rendered":"https:\/\/letangdescigales.com\/?p=1284"},"modified":"2026-04-13T09:24:23","modified_gmt":"2026-04-13T07:24:23","slug":"10-au-13-septembre-sejour-yoga-en-provence-a-letang-des-cigales","status":"publish","type":"post","link":"https:\/\/letangdescigales.com\/?p=1284","title":{"rendered":"10 au 13 septembre &#8211; S\u00e9jour yoga en Provence \u00e0 l\u2019\u00c9tang des Cigales"},"content":{"rendered":"\t\t<div data-elementor-type=\"wp-post\" data-elementor-id=\"1284\" class=\"elementor elementor-1284\">\n\t\t\t\t<div class=\"elementor-element elementor-element-f2f4f5c e-flex e-con-boxed wpr-particle-no wpr-jarallax-no wpr-parallax-no wpr-sticky-section-no wpr-equal-height-no e-con e-parent\" data-id=\"f2f4f5c\" data-element_type=\"container\" data-e-type=\"container\">\n\t\t\t\t\t<div class=\"e-con-inner\">\n\t\t\t\t<div class=\"elementor-element elementor-element-f89656f elementor-widget elementor-widget-page-title\" data-id=\"f89656f\" data-element_type=\"widget\" data-e-type=\"widget\" data-settings=\"{&quot;align&quot;:&quot;center&quot;}\" data-widget_type=\"page-title.default\">\n\t\t\t\t<div class=\"elementor-widget-container\">\n\t\t\t\t\t\t\t\n\t\t<div class=\"hfe-page-title hfe-page-title-wrapper elementor-widget-heading\">\n\n\t\t\t\t\t\t\t\t\t\t\t<a href=\"https:\/\/letangdescigales.com\">\n\t\t\t\t\t\t<h2 class=\"elementor-heading-title elementor-size-default\">\n\t\t\t\t\t\t\t\t\n\t\t\t\t10 au 13 septembre &#8211; S\u00e9jour yoga en Provence \u00e0 l\u2019\u00c9tang des Cigales  \n\t\t\t<\/h2 > \n\t\t\t\t\t\t\t\t\t<\/a>\n\t\t\t\t\t<\/div>\n\t\t\t\t\t\t<\/div>\n\t\t\t\t<\/div>\n\t\t\t\t<div class=\"elementor-element elementor-element-2fbcf15 elementor-widget elementor-widget-image\" data-id=\"2fbcf15\" data-element_type=\"widget\" data-e-type=\"widget\" data-widget_type=\"image.default\">\n\t\t\t\t<div class=\"elementor-widget-container\">\n\t\t\t\t\t\t\t\t\t\t\t\t\t\t\t\t<a href=\"https:\/\/letangdescigales.com\/wp-content\/uploads\/2026\/04\/20260910-satcitananda-10-13-septembre-2026-01.jpg\" data-elementor-open-lightbox=\"yes\" data-elementor-lightbox-title=\"S\u00e9ance de yoga en pleine nature \u00e0 l\u2019\u00c9tang des Cigales\" data-e-action-hash=\"#elementor-action%3Aaction%3Dlightbox%26settings%3DeyJpZCI6MTI4NiwidXJsIjoiaHR0cHM6XC9cL2xldGFuZ2Rlc2NpZ2FsZXMuY29tXC93cC1jb250ZW50XC91cGxvYWRzXC8yMDI2XC8wNFwvMjAyNjA5MTAtc2F0Y2l0YW5hbmRhLTEwLTEzLXNlcHRlbWJyZS0yMDI2LTAxLmpwZyJ9\">\n\t\t\t\t\t\t\t<img fetchpriority=\"high\" decoding=\"async\" width=\"213\" height=\"300\" src=\"https:\/\/letangdescigales.com\/wp-content\/uploads\/2026\/04\/20260910-satcitananda-10-13-septembre-2026-01-213x300.jpg\" class=\"attachment-medium size-medium wp-image-1286\" alt=\"S\u00e9ance de yoga en pleine nature \u00e0 l\u2019\u00c9tang des Cigales\" srcset=\"https:\/\/letangdescigales.com\/wp-content\/uploads\/2026\/04\/20260910-satcitananda-10-13-septembre-2026-01-213x300.jpg 213w, https:\/\/letangdescigales.com\/wp-content\/uploads\/2026\/04\/20260910-satcitananda-10-13-septembre-2026-01-728x1024.jpg 728w, https:\/\/letangdescigales.com\/wp-content\/uploads\/2026\/04\/20260910-satcitananda-10-13-septembre-2026-01-768x1080.jpg 768w, https:\/\/letangdescigales.com\/wp-content\/uploads\/2026\/04\/20260910-satcitananda-10-13-septembre-2026-01-1092x1536.jpg 1092w, https:\/\/letangdescigales.com\/wp-content\/uploads\/2026\/04\/20260910-satcitananda-10-13-septembre-2026-01.jpg 1170w\" sizes=\"(max-width: 213px) 100vw, 213px\" \/>\t\t\t\t\t\t\t\t<\/a>\n\t\t\t\t\t\t\t\t\t\t\t\t\t\t\t<\/div>\n\t\t\t\t<\/div>\n\t\t\t\t<div class=\"elementor-element elementor-element-115cb31 elementor-widget__width-initial elementor-widget elementor-widget-text-editor\" data-id=\"115cb31\" data-element_type=\"widget\" data-e-type=\"widget\" data-widget_type=\"text-editor.default\">\n\t\t\t\t<div class=\"elementor-widget-container\">\n\t\t\t\t\t\t\t\t\t<h2>Un s\u00e9jour yoga en Provence pour se reconnecter \u00e0 l\u2019essentiel<\/h2><p>Du 10 au 13 septembre 2026, <strong>L\u2019\u00c9tang des Cigales<\/strong> accueille un s\u00e9jour yoga unique en Provence, une parenth\u00e8se hors du temps d\u00e9di\u00e9e \u00e0 la reconnexion \u00e0 soi, \u00e0 la nature et \u00e0 l\u2019essentiel. Dans un environnement pr\u00e9serv\u00e9 au c\u0153ur des C\u00f4tes du Rh\u00f4ne, ce s\u00e9jour yoga en Provence vous invite \u00e0 vivre une exp\u00e9rience immersive m\u00ealant bien-\u00eatre, s\u00e9r\u00e9nit\u00e9 et harmonie int\u00e9rieure.<\/p><p>En collaboration avec Satcitananda Yoga, ce s\u00e9jour yoga en Provence propose une approche holistique inspir\u00e9e du concept de <strong>Satcitananda<\/strong> : \u00eatre, conscience et b\u00e9atitude. Une invitation \u00e0 ralentir, respirer et ressentir pleinement chaque instant.<\/p><h2>Un programme complet de yoga et de bien-\u00eatre<\/h2><p>Ce s\u00e9jour yoga en Provence a \u00e9t\u00e9 pens\u00e9 pour offrir une exp\u00e9rience profonde et ressour\u00e7ante. Chaque journ\u00e9e s\u2019articule autour de pratiques vari\u00e9es permettant de retrouver \u00e9quilibre et \u00e9nergie :<\/p><ul><li>Yoga dynamique et restauratif<\/li><li>M\u00e9ditation et ancrage<\/li><li>Pranayama (respiration)<\/li><li>Mantras et relaxation<\/li><\/ul><p>Les s\u00e9ances alternent entre \u00e9nergie solaire et \u00e9nergie lunaire afin d\u2019harmoniser le corps et l\u2019esprit. Ce s\u00e9jour yoga en Provence permet ainsi de rel\u00e2cher les tensions, de retrouver de la vitalit\u00e9 et de cultiver un profond \u00e9tat de bien-\u00eatre.<\/p><h2>Un cadre naturel exceptionnel en Provence<\/h2><p>Situ\u00e9 \u00e0 proximit\u00e9 d\u2019Orange, <strong>L\u2019\u00c9tang des Cigales<\/strong> est un v\u00e9ritable havre de paix. Nich\u00e9 au c\u0153ur d\u2019un village calme au pied du massif d\u2019Uchaux, le domaine offre un panorama unique sur les collines, les vignes et les oliviers.<\/p><p>Le s\u00e9jour yoga en Provence se d\u00e9roule dans un environnement propice \u00e0 la d\u00e9tente :<\/p><ul><li>Jardin paysager et espaces de m\u00e9ditation<\/li><li>Piscine naturelle \u00e0 filtration \u00e9cologique<\/li><li>Pool house spacieux et lumineux<\/li><li>Espaces ext\u00e9rieurs d\u00e9di\u00e9s au yoga<\/li><\/ul><p>Chaque instant devient une invitation \u00e0 la contemplation et \u00e0 la reconnexion avec la nature.<\/p><h2>H\u00e9bergement confortable et ambiance chaleureuse<\/h2><p>Les participants de ce s\u00e9jour yoga en Provence sont accueillis dans des g\u00eetes ind\u00e9pendants, confortables et soigneusement d\u00e9cor\u00e9s. L\u2019h\u00e9bergement est organis\u00e9 en chambres partag\u00e9es afin de favoriser les \u00e9changes et cr\u00e9er une atmosph\u00e8re conviviale.<\/p><p>Chaque espace offre intimit\u00e9 et s\u00e9r\u00e9nit\u00e9, permettant \u00e0 chacun de vivre pleinement son exp\u00e9rience.<\/p><h2>Une cuisine saine et gourmande<\/h2><p>La dimension nutritionnelle fait pleinement partie de ce s\u00e9jour yoga en Provence. Des repas v\u00e9g\u00e9tariens, \u00e9quilibr\u00e9s et savoureux sont propos\u00e9s tout au long du s\u00e9jour :<\/p><ul><li>Tisanes et fruits frais \u00e0 disposition<\/li><li>Repas en pension compl\u00e8te<\/li><li>Cuisine maison mettant \u00e0 l\u2019honneur les produits locaux<\/li><\/ul><p>Une alimentation saine pour accompagner le travail du corps et de l\u2019esprit.<\/p><h2>Une immersion au c\u0153ur de la Provence<\/h2><p>Au-del\u00e0 du yoga, ce s\u00e9jour yoga en Provence permet \u00e9galement de d\u00e9couvrir la richesse du territoire. Des temps libres sont pr\u00e9vus pour profiter de la r\u00e9gion :<\/p><ul><li>D\u00e9couverte des C\u00f4tes du Rh\u00f4ne<\/li><li>March\u00e9 proven\u00e7al de Sainte-C\u00e9cile-les-Vignes<\/li><li>Moments de d\u00e9tente au bord de la piscine<\/li><\/ul><p>Une exp\u00e9rience compl\u00e8te entre exploration, repos et partage.<\/p><h2>Informations pratiques sur le s\u00e9jour yoga en Provence<\/h2><p>Ce s\u00e9jour yoga en Provence se d\u00e9roule du <strong>10 au 13 septembre 2026<\/strong>. Le nombre de participants est volontairement limit\u00e9 \u00e0 6 \u00e0 8 personnes afin de garantir un accompagnement personnalis\u00e9 et une exp\u00e9rience intimiste.<\/p><p><strong>Le prix comprend :<\/strong><\/p><ul><li>L\u2019h\u00e9bergement en chambres partag\u00e9es<\/li><li>Les repas en pension compl\u00e8te<\/li><li>Deux s\u00e9ances de yoga quotidiennes<\/li><li>L\u2019acc\u00e8s aux espaces ext\u00e9rieurs et \u00e0 la piscine naturelle<\/li><li>L&rsquo;\u00e9ventuel trajet depuis la gare routi\u00e8re d&rsquo;Orange ou la gare TGV d&rsquo;Avignon jusqu&rsquo;\u00e0 l&rsquo;Etang des Cigales<\/li><\/ul><p><strong>Le prix ne comprend pas :<\/strong><\/p><ul><li>Le voyage en voiture ou en train (\u00e0 effectuer de mani\u00e8re individuelle)<\/li><li>Les d\u00e9penses personnelles (boissons, souvenirs&#8230;)<\/li><li>Les \u00e9ventuels d\u00e9placements dans la r\u00e9gion<\/li><\/ul><h2>Pourquoi choisir ce s\u00e9jour yoga en Provence ?<\/h2><p>Ce s\u00e9jour yoga en Provence est bien plus qu\u2019un simple stage. C\u2019est une v\u00e9ritable exp\u00e9rience de transformation, accessible \u00e0 tous, quel que soit votre niveau. Dans un cadre naturel exceptionnel, vous pourrez vous reconnecter \u00e0 vous-m\u00eame, retrouver votre \u00e9nergie et cultiver un \u00e9tat de s\u00e9r\u00e9nit\u00e9 durable.<\/p><p>R\u00e9servez d\u00e8s maintenant votre place pour ce s\u00e9jour yoga en Provence \u00e0 <strong>L\u2019\u00c9tang des Cigales<\/strong> et offrez-vous une parenth\u00e8se de bien-\u00eatre unique.<\/p><h2>Infos et Inscription<\/h2><p><a href=\"tel:+41786600025\" target=\"_blank\" rel=\"noopener\"><strong>+41 (0)78 660 00 25<\/strong><\/a><br \/><strong><a href=\"https:\/\/satcitanandayoga.com\/provence\" target=\"_blank\" rel=\"noopener\">www.satcitanandayoga.com\/provence<\/a><br \/><\/strong><a href=\"mailto:info@satcitanandayoga.com\" target=\"_blank\" rel=\"noopener\"><strong>info@satcitanandayoga.com<\/strong><\/a><\/p><p>\u00a0<\/p>\t\t\t\t\t\t\t\t<\/div>\n\t\t\t\t<\/div>\n\t\t\t\t<div class=\"elementor-element elementor-element-1014f9b elementor-align-center elementor-widget elementor-widget-button\" data-id=\"1014f9b\" data-element_type=\"widget\" data-e-type=\"widget\" data-widget_type=\"button.default\">\n\t\t\t\t<div class=\"elementor-widget-container\">\n\t\t\t\t\t\t\t\t\t<div class=\"elementor-button-wrapper\">\n\t\t\t\t\t<a class=\"elementor-button elementor-button-link elementor-size-sm\" href=\"https:\/\/letangdescigales.com\/wp-content\/uploads\/2026\/04\/20260910-satcitananda-10-13-septembre-2026-01.jpg\" target=\"_blank\">\n\t\t\t\t\t\t<span class=\"elementor-button-content-wrapper\">\n\t\t\t\t\t\t<span class=\"elementor-button-icon\">\n\t\t\t\t<svg aria-hidden=\"true\" class=\"e-font-icon-svg e-far-map\" viewBox=\"0 0 576 512\" xmlns=\"http:\/\/www.w3.org\/2000\/svg\"><path d=\"M560.02 32c-1.96 0-3.98.37-5.96 1.16L384.01 96H384L212 35.28A64.252 64.252 0 0 0 191.76 32c-6.69 0-13.37 1.05-19.81 3.14L20.12 87.95A32.006 32.006 0 0 0 0 117.66v346.32C0 473.17 7.53 480 15.99 480c1.96 0 3.97-.37 5.96-1.16L192 416l172 60.71a63.98 63.98 0 0 0 40.05.15l151.83-52.81A31.996 31.996 0 0 0 576 394.34V48.02c0-9.19-7.53-16.02-15.98-16.02zM224 90.42l128 45.19v285.97l-128-45.19V90.42zM48 418.05V129.07l128-44.53v286.2l-.64.23L48 418.05zm480-35.13l-128 44.53V141.26l.64-.24L528 93.95v288.97z\"><\/path><\/svg>\t\t\t<\/span>\n\t\t\t\t\t\t\t\t\t<span class=\"elementor-button-text\">Voir le programme (1\/2)<\/span>\n\t\t\t\t\t<\/span>\n\t\t\t\t\t<\/a>\n\t\t\t\t<\/div>\n\t\t\t\t\t\t\t\t<\/div>\n\t\t\t\t<\/div>\n\t\t\t\t<div class=\"elementor-element elementor-element-e4b750f elementor-align-center elementor-widget elementor-widget-button\" data-id=\"e4b750f\" data-element_type=\"widget\" data-e-type=\"widget\" data-widget_type=\"button.default\">\n\t\t\t\t<div class=\"elementor-widget-container\">\n\t\t\t\t\t\t\t\t\t<div class=\"elementor-button-wrapper\">\n\t\t\t\t\t<a class=\"elementor-button elementor-button-link elementor-size-sm\" href=\"https:\/\/letangdescigales.com\/wp-content\/uploads\/2026\/04\/20260910-satcitananda-10-13-septembre-2026-02.jpg\" target=\"_blank\">\n\t\t\t\t\t\t<span class=\"elementor-button-content-wrapper\">\n\t\t\t\t\t\t<span class=\"elementor-button-icon\">\n\t\t\t\t<svg aria-hidden=\"true\" class=\"e-font-icon-svg e-far-map\" viewBox=\"0 0 576 512\" xmlns=\"http:\/\/www.w3.org\/2000\/svg\"><path d=\"M560.02 32c-1.96 0-3.98.37-5.96 1.16L384.01 96H384L212 35.28A64.252 64.252 0 0 0 191.76 32c-6.69 0-13.37 1.05-19.81 3.14L20.12 87.95A32.006 32.006 0 0 0 0 117.66v346.32C0 473.17 7.53 480 15.99 480c1.96 0 3.97-.37 5.96-1.16L192 416l172 60.71a63.98 63.98 0 0 0 40.05.15l151.83-52.81A31.996 31.996 0 0 0 576 394.34V48.02c0-9.19-7.53-16.02-15.98-16.02zM224 90.42l128 45.19v285.97l-128-45.19V90.42zM48 418.05V129.07l128-44.53v286.2l-.64.23L48 418.05zm480-35.13l-128 44.53V141.26l.64-.24L528 93.95v288.97z\"><\/path><\/svg>\t\t\t<\/span>\n\t\t\t\t\t\t\t\t\t<span class=\"elementor-button-text\">Voir le programme (2\/2)<\/span>\n\t\t\t\t\t<\/span>\n\t\t\t\t\t<\/a>\n\t\t\t\t<\/div>\n\t\t\t\t\t\t\t\t<\/div>\n\t\t\t\t<\/div>\n\t\t\t\t<div class=\"elementor-element elementor-element-aaa0c84 elementor-align-center elementor-widget elementor-widget-button\" data-id=\"aaa0c84\" data-element_type=\"widget\" data-e-type=\"widget\" data-widget_type=\"button.default\">\n\t\t\t\t<div class=\"elementor-widget-container\">\n\t\t\t\t\t\t\t\t\t<div class=\"elementor-button-wrapper\">\n\t\t\t\t\t<a class=\"elementor-button elementor-button-link elementor-size-sm\" href=\"https:\/\/letangdescigales.com\/?p=1022\">\n\t\t\t\t\t\t<span class=\"elementor-button-content-wrapper\">\n\t\t\t\t\t\t<span class=\"elementor-button-icon\">\n\t\t\t\t<i aria-hidden=\"true\" class=\"icon icon-list1\"><\/i>\t\t\t<\/span>\n\t\t\t\t\t\t\t\t\t<span class=\"elementor-button-text\">Voir tous les \u00e9v\u00e9nements<\/span>\n\t\t\t\t\t<\/span>\n\t\t\t\t\t<\/a>\n\t\t\t\t<\/div>\n\t\t\t\t\t\t\t\t<\/div>\n\t\t\t\t<\/div>\n\t\t\t\t\t<\/div>\n\t\t\t\t<\/div>\n\t\t\t\t<\/div>\n\t\t","protected":false},"excerpt":{"rendered":"<p>10 au 13 septembre &#8211; S\u00e9jour yoga en Provence \u00e0 l\u2019\u00c9tang des Cigales Un s\u00e9jour yoga en Provence pour se reconnecter \u00e0 l\u2019essentiel Du 10 au 13 septembre 2026, L\u2019\u00c9tang des Cigales accueille un s\u00e9jour yoga unique en Provence, une parenth\u00e8se hors du temps d\u00e9di\u00e9e \u00e0 la reconnexion \u00e0 soi, \u00e0 la nature et \u00e0 l\u2019essentiel. Dans un environnement pr\u00e9serv\u00e9 au c\u0153ur des C\u00f4tes du Rh\u00f4ne, ce s\u00e9jour yoga en Provence vous invite \u00e0 vivre une exp\u00e9rience immersive m\u00ealant bien-\u00eatre, s\u00e9r\u00e9nit\u00e9 et harmonie int\u00e9rieure. En collaboration avec Satcitananda Yoga, ce s\u00e9jour yoga en Provence propose une approche holistique inspir\u00e9e du concept de Satcitananda : \u00eatre, conscience et b\u00e9atitude. Une invitation \u00e0 ralentir, respirer et ressentir pleinement chaque instant. Un programme complet de yoga et de bien-\u00eatre Ce s\u00e9jour yoga en Provence a \u00e9t\u00e9 pens\u00e9 pour offrir une exp\u00e9rience profonde et ressour\u00e7ante. Chaque journ\u00e9e s\u2019articule autour de pratiques vari\u00e9es permettant de retrouver \u00e9quilibre et \u00e9nergie : Yoga dynamique et restauratif M\u00e9ditation et ancrage Pranayama (respiration) Mantras et relaxation Les s\u00e9ances alternent entre \u00e9nergie solaire et \u00e9nergie lunaire afin d\u2019harmoniser le corps et l\u2019esprit. Ce s\u00e9jour yoga en Provence permet ainsi de rel\u00e2cher les tensions, de retrouver de la vitalit\u00e9 et de cultiver un profond \u00e9tat de bien-\u00eatre. Un cadre naturel exceptionnel en Provence Situ\u00e9 \u00e0 proximit\u00e9 d\u2019Orange, L\u2019\u00c9tang des Cigales est un v\u00e9ritable havre de paix. Nich\u00e9 au c\u0153ur d\u2019un village calme au pied du massif d\u2019Uchaux, le domaine offre un panorama unique sur les collines, les vignes et les oliviers. Le s\u00e9jour yoga en Provence se d\u00e9roule dans un environnement propice \u00e0 la d\u00e9tente : Jardin paysager et espaces de m\u00e9ditation Piscine naturelle \u00e0 filtration \u00e9cologique Pool house spacieux et lumineux Espaces ext\u00e9rieurs d\u00e9di\u00e9s au yoga Chaque instant devient une invitation \u00e0 la contemplation et \u00e0 la reconnexion avec la nature. H\u00e9bergement confortable et ambiance chaleureuse Les participants de ce s\u00e9jour yoga en Provence sont accueillis dans des g\u00eetes ind\u00e9pendants, confortables et soigneusement d\u00e9cor\u00e9s. L\u2019h\u00e9bergement est organis\u00e9 en chambres partag\u00e9es afin de favoriser les \u00e9changes et cr\u00e9er une atmosph\u00e8re conviviale. Chaque espace offre intimit\u00e9 et s\u00e9r\u00e9nit\u00e9, permettant \u00e0 chacun de vivre pleinement son exp\u00e9rience. Une cuisine saine et gourmande La dimension nutritionnelle fait pleinement partie de ce s\u00e9jour yoga en Provence. Des repas v\u00e9g\u00e9tariens, \u00e9quilibr\u00e9s et savoureux sont propos\u00e9s tout au long du s\u00e9jour : Tisanes et fruits frais \u00e0 disposition Repas en pension compl\u00e8te Cuisine maison mettant \u00e0 l\u2019honneur les produits locaux Une alimentation saine pour accompagner le travail du corps et de l\u2019esprit. Une immersion au c\u0153ur de la Provence Au-del\u00e0 du yoga, ce s\u00e9jour yoga en Provence permet \u00e9galement de d\u00e9couvrir la richesse du territoire. Des temps libres sont pr\u00e9vus pour profiter de la r\u00e9gion : D\u00e9couverte des C\u00f4tes du Rh\u00f4ne March\u00e9 proven\u00e7al de Sainte-C\u00e9cile-les-Vignes Moments de d\u00e9tente au bord de la piscine Une exp\u00e9rience compl\u00e8te entre exploration, repos et partage. Informations pratiques sur le s\u00e9jour yoga en Provence Ce s\u00e9jour yoga en Provence se d\u00e9roule du 10 au 13 septembre 2026. Le nombre de participants est volontairement limit\u00e9 \u00e0 6 \u00e0 8 personnes afin de garantir un accompagnement personnalis\u00e9 et une exp\u00e9rience intimiste. Le prix comprend : L\u2019h\u00e9bergement en chambres partag\u00e9es Les repas en pension compl\u00e8te Deux s\u00e9ances de yoga quotidiennes L\u2019acc\u00e8s aux espaces ext\u00e9rieurs et \u00e0 la piscine naturelle L&rsquo;\u00e9ventuel trajet depuis la gare routi\u00e8re d&rsquo;Orange ou la gare TGV d&rsquo;Avignon jusqu&rsquo;\u00e0 l&rsquo;Etang des Cigales Le prix ne comprend pas : Le voyage en voiture ou en train (\u00e0 effectuer de mani\u00e8re individuelle) Les d\u00e9penses personnelles (boissons, souvenirs&#8230;) Les \u00e9ventuels d\u00e9placements dans la r\u00e9gion Pourquoi choisir ce s\u00e9jour yoga en Provence ? Ce s\u00e9jour yoga en Provence est bien plus qu\u2019un simple stage. C\u2019est une v\u00e9ritable exp\u00e9rience de transformation, accessible \u00e0 tous, quel que soit votre niveau. Dans un cadre naturel exceptionnel, vous pourrez vous reconnecter \u00e0 vous-m\u00eame, retrouver votre \u00e9nergie et cultiver un \u00e9tat de s\u00e9r\u00e9nit\u00e9 durable. R\u00e9servez d\u00e8s maintenant votre place pour ce s\u00e9jour yoga en Provence \u00e0 L\u2019\u00c9tang des Cigales et offrez-vous une parenth\u00e8se de bien-\u00eatre unique. Infos et Inscription +41 (0)78 660 00 25www.satcitanandayoga.com\/provenceinfo@satcitanandayoga.com \u00a0 Voir le programme (1\/2) Voir le programme (2\/2) Voir tous les \u00e9v\u00e9nements<\/p>\n","protected":false},"author":1,"featured_media":1286,"comment_status":"closed","ping_status":"closed","sticky":false,"template":"","format":"standard","meta":{"footnotes":""},"categories":[1],"tags":[],"class_list":["post-1284","post","type-post","status-publish","format-standard","has-post-thumbnail","hentry","category-non-classe"],"yoast_head":"<!-- This site is optimized with the Yoast SEO plugin v27.5 - https:\/\/yoast.com\/product\/yoast-seo-wordpress\/ -->\n<title>S\u00e9jour yoga Provence septembre 2026 | L\u2019\u00c9tang des Cigales<\/title>\n<meta name=\"description\" content=\"S\u00e9jour yoga en Provence du 10 au 13 septembre 2026 \u00e0 l\u2019\u00c9tang des Cigales : bien-\u00eatre, nature et reconnexion dans un cadre exceptionnel.\" \/>\n<meta name=\"robots\" content=\"index, follow, max-snippet:-1, max-image-preview:large, max-video-preview:-1\" \/>\n<link rel=\"canonical\" href=\"https:\/\/letangdescigales.com\/?p=1284\" \/>\n<meta property=\"og:locale\" content=\"fr_FR\" \/>\n<meta property=\"og:type\" content=\"article\" \/>\n<meta property=\"og:title\" content=\"S\u00e9jour yoga Provence septembre 2026 | L\u2019\u00c9tang des Cigales\" \/>\n<meta property=\"og:description\" content=\"S\u00e9jour yoga en Provence du 10 au 13 septembre 2026 \u00e0 l\u2019\u00c9tang des Cigales : bien-\u00eatre, nature et reconnexion dans un cadre exceptionnel.\" \/>\n<meta property=\"og:url\" content=\"https:\/\/letangdescigales.com\/?p=1284\" \/>\n<meta property=\"og:site_name\" content=\"l&#039;\u00c9tang des Cigales\" \/>\n<meta property=\"article:publisher\" content=\"https:\/\/www.facebook.com\/profile.php?id=100064292554455\" \/>\n<meta property=\"article:published_time\" content=\"2025-09-10T07:00:00+00:00\" \/>\n<meta property=\"article:modified_time\" content=\"2026-04-13T07:24:23+00:00\" \/>\n<meta property=\"og:image\" content=\"https:\/\/letangdescigales.com\/wp-content\/uploads\/2026\/04\/20260910-satcitananda-10-13-septembre-2026-01.jpg\" \/>\n\t<meta property=\"og:image:width\" content=\"1170\" \/>\n\t<meta property=\"og:image:height\" content=\"1646\" \/>\n\t<meta property=\"og:image:type\" content=\"image\/jpeg\" \/>\n<meta name=\"author\" content=\"adminetang\" \/>\n<script type=\"application\/ld+json\" class=\"yoast-schema-graph\">{\"@context\":\"https:\\\/\\\/schema.org\",\"@graph\":[{\"@type\":\"Article\",\"@id\":\"https:\\\/\\\/letangdescigales.com\\\/?p=1284#article\",\"isPartOf\":{\"@id\":\"https:\\\/\\\/letangdescigales.com\\\/?p=1284\"},\"author\":{\"name\":\"adminetang\",\"@id\":\"https:\\\/\\\/letangdescigales.com\\\/#\\\/schema\\\/person\\\/cd611521cc342e98a9e58f13850c1b48\"},\"headline\":\"10 au 13 septembre &#8211; S\u00e9jour yoga en Provence \u00e0 l\u2019\u00c9tang des Cigales\",\"datePublished\":\"2025-09-10T07:00:00+00:00\",\"dateModified\":\"2026-04-13T07:24:23+00:00\",\"mainEntityOfPage\":{\"@id\":\"https:\\\/\\\/letangdescigales.com\\\/?p=1284\"},\"wordCount\":779,\"publisher\":{\"@id\":\"https:\\\/\\\/letangdescigales.com\\\/#organization\"},\"image\":{\"@id\":\"https:\\\/\\\/letangdescigales.com\\\/?p=1284#primaryimage\"},\"thumbnailUrl\":\"https:\\\/\\\/letangdescigales.com\\\/wp-content\\\/uploads\\\/2026\\\/04\\\/20260910-satcitananda-10-13-septembre-2026-01.jpg\",\"inLanguage\":\"fr-FR\"},{\"@type\":\"WebPage\",\"@id\":\"https:\\\/\\\/letangdescigales.com\\\/?p=1284\",\"url\":\"https:\\\/\\\/letangdescigales.com\\\/?p=1284\",\"name\":\"S\u00e9jour yoga Provence septembre 2026 | L\u2019\u00c9tang des Cigales\",\"isPartOf\":{\"@id\":\"https:\\\/\\\/letangdescigales.com\\\/#website\"},\"primaryImageOfPage\":{\"@id\":\"https:\\\/\\\/letangdescigales.com\\\/?p=1284#primaryimage\"},\"image\":{\"@id\":\"https:\\\/\\\/letangdescigales.com\\\/?p=1284#primaryimage\"},\"thumbnailUrl\":\"https:\\\/\\\/letangdescigales.com\\\/wp-content\\\/uploads\\\/2026\\\/04\\\/20260910-satcitananda-10-13-septembre-2026-01.jpg\",\"datePublished\":\"2025-09-10T07:00:00+00:00\",\"dateModified\":\"2026-04-13T07:24:23+00:00\",\"description\":\"S\u00e9jour yoga en Provence du 10 au 13 septembre 2026 \u00e0 l\u2019\u00c9tang des Cigales : bien-\u00eatre, nature et reconnexion dans un cadre exceptionnel.\",\"breadcrumb\":{\"@id\":\"https:\\\/\\\/letangdescigales.com\\\/?p=1284#breadcrumb\"},\"inLanguage\":\"fr-FR\",\"potentialAction\":[{\"@type\":\"ReadAction\",\"target\":[\"https:\\\/\\\/letangdescigales.com\\\/?p=1284\"]}]},{\"@type\":\"ImageObject\",\"inLanguage\":\"fr-FR\",\"@id\":\"https:\\\/\\\/letangdescigales.com\\\/?p=1284#primaryimage\",\"url\":\"https:\\\/\\\/letangdescigales.com\\\/wp-content\\\/uploads\\\/2026\\\/04\\\/20260910-satcitananda-10-13-septembre-2026-01.jpg\",\"contentUrl\":\"https:\\\/\\\/letangdescigales.com\\\/wp-content\\\/uploads\\\/2026\\\/04\\\/20260910-satcitananda-10-13-septembre-2026-01.jpg\",\"width\":1170,\"height\":1646,\"caption\":\"S\u00e9ance de yoga en pleine nature \u00e0 l\u2019\u00c9tang des Cigales\"},{\"@type\":\"BreadcrumbList\",\"@id\":\"https:\\\/\\\/letangdescigales.com\\\/?p=1284#breadcrumb\",\"itemListElement\":[{\"@type\":\"ListItem\",\"position\":1,\"name\":\"Accueil\",\"item\":\"https:\\\/\\\/letangdescigales.com\\\/\"},{\"@type\":\"ListItem\",\"position\":2,\"name\":\"10 au 13 septembre &#8211; S\u00e9jour yoga en Provence \u00e0 l\u2019\u00c9tang des Cigales\"}]},{\"@type\":\"WebSite\",\"@id\":\"https:\\\/\\\/letangdescigales.com\\\/#website\",\"url\":\"https:\\\/\\\/letangdescigales.com\\\/\",\"name\":\"L'\u00e9tang des cigales\",\"description\":\"Votre s\u00e9jour en g\u00eete \u00e0 Uchaux\",\"publisher\":{\"@id\":\"https:\\\/\\\/letangdescigales.com\\\/#organization\"},\"potentialAction\":[{\"@type\":\"SearchAction\",\"target\":{\"@type\":\"EntryPoint\",\"urlTemplate\":\"https:\\\/\\\/letangdescigales.com\\\/?s={search_term_string}\"},\"query-input\":{\"@type\":\"PropertyValueSpecification\",\"valueRequired\":true,\"valueName\":\"search_term_string\"}}],\"inLanguage\":\"fr-FR\"},{\"@type\":\"Organization\",\"@id\":\"https:\\\/\\\/letangdescigales.com\\\/#organization\",\"name\":\"L'\u00e9tang des cigales\",\"url\":\"https:\\\/\\\/letangdescigales.com\\\/\",\"logo\":{\"@type\":\"ImageObject\",\"inLanguage\":\"fr-FR\",\"@id\":\"https:\\\/\\\/letangdescigales.com\\\/#\\\/schema\\\/logo\\\/image\\\/\",\"url\":\"https:\\\/\\\/letangdescigales.com\\\/wp-content\\\/uploads\\\/2023\\\/04\\\/rond_couleur_etang_des_cigales.png\",\"contentUrl\":\"https:\\\/\\\/letangdescigales.com\\\/wp-content\\\/uploads\\\/2023\\\/04\\\/rond_couleur_etang_des_cigales.png\",\"width\":1150,\"height\":1218,\"caption\":\"L'\u00e9tang des cigales\"},\"image\":{\"@id\":\"https:\\\/\\\/letangdescigales.com\\\/#\\\/schema\\\/logo\\\/image\\\/\"},\"sameAs\":[\"https:\\\/\\\/www.facebook.com\\\/profile.php?id=100064292554455\"]},{\"@type\":\"Person\",\"@id\":\"https:\\\/\\\/letangdescigales.com\\\/#\\\/schema\\\/person\\\/cd611521cc342e98a9e58f13850c1b48\",\"name\":\"adminetang\",\"image\":{\"@type\":\"ImageObject\",\"inLanguage\":\"fr-FR\",\"@id\":\"https:\\\/\\\/secure.gravatar.com\\\/avatar\\\/e3c3992ae08857290f461f3850d547aeb822cfe932c795ec6b49b110eafae859?s=96&d=mm&r=g\",\"url\":\"https:\\\/\\\/secure.gravatar.com\\\/avatar\\\/e3c3992ae08857290f461f3850d547aeb822cfe932c795ec6b49b110eafae859?s=96&d=mm&r=g\",\"contentUrl\":\"https:\\\/\\\/secure.gravatar.com\\\/avatar\\\/e3c3992ae08857290f461f3850d547aeb822cfe932c795ec6b49b110eafae859?s=96&d=mm&r=g\",\"caption\":\"adminetang\"},\"sameAs\":[\"http:\\\/\\\/letangdescigales.com\"],\"url\":\"https:\\\/\\\/letangdescigales.com\\\/?author=1\"}]}<\/script>\n<!-- \/ Yoast SEO plugin. -->","yoast_head_json":{"title":"S\u00e9jour yoga Provence septembre 2026 | L\u2019\u00c9tang des Cigales","description":"S\u00e9jour yoga en Provence du 10 au 13 septembre 2026 \u00e0 l\u2019\u00c9tang des Cigales : bien-\u00eatre, nature et reconnexion dans un cadre exceptionnel.","robots":{"index":"index","follow":"follow","max-snippet":"max-snippet:-1","max-image-preview":"max-image-preview:large","max-video-preview":"max-video-preview:-1"},"canonical":"https:\/\/letangdescigales.com\/?p=1284","og_locale":"fr_FR","og_type":"article","og_title":"S\u00e9jour yoga Provence septembre 2026 | L\u2019\u00c9tang des Cigales","og_description":"S\u00e9jour yoga en Provence du 10 au 13 septembre 2026 \u00e0 l\u2019\u00c9tang des Cigales : bien-\u00eatre, nature et reconnexion dans un cadre exceptionnel.","og_url":"https:\/\/letangdescigales.com\/?p=1284","og_site_name":"l&#039;\u00c9tang des Cigales","article_publisher":"https:\/\/www.facebook.com\/profile.php?id=100064292554455","article_published_time":"2025-09-10T07:00:00+00:00","article_modified_time":"2026-04-13T07:24:23+00:00","og_image":[{"width":1170,"height":1646,"url":"https:\/\/letangdescigales.com\/wp-content\/uploads\/2026\/04\/20260910-satcitananda-10-13-septembre-2026-01.jpg","type":"image\/jpeg"}],"author":"adminetang","schema":{"@context":"https:\/\/schema.org","@graph":[{"@type":"Article","@id":"https:\/\/letangdescigales.com\/?p=1284#article","isPartOf":{"@id":"https:\/\/letangdescigales.com\/?p=1284"},"author":{"name":"adminetang","@id":"https:\/\/letangdescigales.com\/#\/schema\/person\/cd611521cc342e98a9e58f13850c1b48"},"headline":"10 au 13 septembre &#8211; S\u00e9jour yoga en Provence \u00e0 l\u2019\u00c9tang des Cigales","datePublished":"2025-09-10T07:00:00+00:00","dateModified":"2026-04-13T07:24:23+00:00","mainEntityOfPage":{"@id":"https:\/\/letangdescigales.com\/?p=1284"},"wordCount":779,"publisher":{"@id":"https:\/\/letangdescigales.com\/#organization"},"image":{"@id":"https:\/\/letangdescigales.com\/?p=1284#primaryimage"},"thumbnailUrl":"https:\/\/letangdescigales.com\/wp-content\/uploads\/2026\/04\/20260910-satcitananda-10-13-septembre-2026-01.jpg","inLanguage":"fr-FR"},{"@type":"WebPage","@id":"https:\/\/letangdescigales.com\/?p=1284","url":"https:\/\/letangdescigales.com\/?p=1284","name":"S\u00e9jour yoga Provence septembre 2026 | L\u2019\u00c9tang des Cigales","isPartOf":{"@id":"https:\/\/letangdescigales.com\/#website"},"primaryImageOfPage":{"@id":"https:\/\/letangdescigales.com\/?p=1284#primaryimage"},"image":{"@id":"https:\/\/letangdescigales.com\/?p=1284#primaryimage"},"thumbnailUrl":"https:\/\/letangdescigales.com\/wp-content\/uploads\/2026\/04\/20260910-satcitananda-10-13-septembre-2026-01.jpg","datePublished":"2025-09-10T07:00:00+00:00","dateModified":"2026-04-13T07:24:23+00:00","description":"S\u00e9jour yoga en Provence du 10 au 13 septembre 2026 \u00e0 l\u2019\u00c9tang des Cigales : bien-\u00eatre, nature et reconnexion dans un cadre exceptionnel.","breadcrumb":{"@id":"https:\/\/letangdescigales.com\/?p=1284#breadcrumb"},"inLanguage":"fr-FR","potentialAction":[{"@type":"ReadAction","target":["https:\/\/letangdescigales.com\/?p=1284"]}]},{"@type":"ImageObject","inLanguage":"fr-FR","@id":"https:\/\/letangdescigales.com\/?p=1284#primaryimage","url":"https:\/\/letangdescigales.com\/wp-content\/uploads\/2026\/04\/20260910-satcitananda-10-13-septembre-2026-01.jpg","contentUrl":"https:\/\/letangdescigales.com\/wp-content\/uploads\/2026\/04\/20260910-satcitananda-10-13-septembre-2026-01.jpg","width":1170,"height":1646,"caption":"S\u00e9ance de yoga en pleine nature \u00e0 l\u2019\u00c9tang des Cigales"},{"@type":"BreadcrumbList","@id":"https:\/\/letangdescigales.com\/?p=1284#breadcrumb","itemListElement":[{"@type":"ListItem","position":1,"name":"Accueil","item":"https:\/\/letangdescigales.com\/"},{"@type":"ListItem","position":2,"name":"10 au 13 septembre &#8211; S\u00e9jour yoga en Provence \u00e0 l\u2019\u00c9tang des Cigales"}]},{"@type":"WebSite","@id":"https:\/\/letangdescigales.com\/#website","url":"https:\/\/letangdescigales.com\/","name":"L'\u00e9tang des cigales","description":"Votre s\u00e9jour en g\u00eete \u00e0 Uchaux","publisher":{"@id":"https:\/\/letangdescigales.com\/#organization"},"potentialAction":[{"@type":"SearchAction","target":{"@type":"EntryPoint","urlTemplate":"https:\/\/letangdescigales.com\/?s={search_term_string}"},"query-input":{"@type":"PropertyValueSpecification","valueRequired":true,"valueName":"search_term_string"}}],"inLanguage":"fr-FR"},{"@type":"Organization","@id":"https:\/\/letangdescigales.com\/#organization","name":"L'\u00e9tang des cigales","url":"https:\/\/letangdescigales.com\/","logo":{"@type":"ImageObject","inLanguage":"fr-FR","@id":"https:\/\/letangdescigales.com\/#\/schema\/logo\/image\/","url":"https:\/\/letangdescigales.com\/wp-content\/uploads\/2023\/04\/rond_couleur_etang_des_cigales.png","contentUrl":"https:\/\/letangdescigales.com\/wp-content\/uploads\/2023\/04\/rond_couleur_etang_des_cigales.png","width":1150,"height":1218,"caption":"L'\u00e9tang des cigales"},"image":{"@id":"https:\/\/letangdescigales.com\/#\/schema\/logo\/image\/"},"sameAs":["https:\/\/www.facebook.com\/profile.php?id=100064292554455"]},{"@type":"Person","@id":"https:\/\/letangdescigales.com\/#\/schema\/person\/cd611521cc342e98a9e58f13850c1b48","name":"adminetang","image":{"@type":"ImageObject","inLanguage":"fr-FR","@id":"https:\/\/secure.gravatar.com\/avatar\/e3c3992ae08857290f461f3850d547aeb822cfe932c795ec6b49b110eafae859?s=96&d=mm&r=g","url":"https:\/\/secure.gravatar.com\/avatar\/e3c3992ae08857290f461f3850d547aeb822cfe932c795ec6b49b110eafae859?s=96&d=mm&r=g","contentUrl":"https:\/\/secure.gravatar.com\/avatar\/e3c3992ae08857290f461f3850d547aeb822cfe932c795ec6b49b110eafae859?s=96&d=mm&r=g","caption":"adminetang"},"sameAs":["http:\/\/letangdescigales.com"],"url":"https:\/\/letangdescigales.com\/?author=1"}]}},"_links":{"self":[{"href":"https:\/\/letangdescigales.com\/index.php?rest_route=\/wp\/v2\/posts\/1284","targetHints":{"allow":["GET"]}}],"collection":[{"href":"https:\/\/letangdescigales.com\/index.php?rest_route=\/wp\/v2\/posts"}],"about":[{"href":"https:\/\/letangdescigales.com\/index.php?rest_route=\/wp\/v2\/types\/post"}],"author":[{"embeddable":true,"href":"https:\/\/letangdescigales.com\/index.php?rest_route=\/wp\/v2\/users\/1"}],"replies":[{"embeddable":true,"href":"https:\/\/letangdescigales.com\/index.php?rest_route=%2Fwp%2Fv2%2Fcomments&post=1284"}],"version-history":[{"count":13,"href":"https:\/\/letangdescigales.com\/index.php?rest_route=\/wp\/v2\/posts\/1284\/revisions"}],"predecessor-version":[{"id":1299,"href":"https:\/\/letangdescigales.com\/index.php?rest_route=\/wp\/v2\/posts\/1284\/revisions\/1299"}],"wp:featuredmedia":[{"embeddable":true,"href":"https:\/\/letangdescigales.com\/index.php?rest_route=\/wp\/v2\/media\/1286"}],"wp:attachment":[{"href":"https:\/\/letangdescigales.com\/index.php?rest_route=%2Fwp%2Fv2%2Fmedia&parent=1284"}],"wp:term":[{"taxonomy":"category","embeddable":true,"href":"https:\/\/letangdescigales.com\/index.php?rest_route=%2Fwp%2Fv2%2Fcategories&post=1284"},{"taxonomy":"post_tag","embeddable":true,"href":"https:\/\/letangdescigales.com\/index.php?rest_route=%2Fwp%2Fv2%2Ftags&post=1284"}],"curies":[{"name":"wp","href":"https:\/\/api.w.org\/{rel}","templated":true}]}}