{"id":1239,"date":"2025-06-05T09:00:14","date_gmt":"2025-06-05T07:00:14","guid":{"rendered":"https:\/\/letangdescigales.com\/?p=1239"},"modified":"2026-02-18T13:02:59","modified_gmt":"2026-02-18T12:02:59","slug":"05-07-juin-2026-week-end-yoga-letang-des-cigales","status":"publish","type":"post","link":"https:\/\/letangdescigales.com\/?p=1239","title":{"rendered":"05 au 07 juin &#8211; Week-end Yoga \u00e0 L\u2019\u00c9tang des Cigales : ralentir et profiter du soleil en juin"},"content":{"rendered":"\t\t<div data-elementor-type=\"wp-post\" data-elementor-id=\"1239\" class=\"elementor elementor-1239\">\n\t\t\t\t<div class=\"elementor-element elementor-element-f2f4f5c e-flex e-con-boxed wpr-particle-no wpr-jarallax-no wpr-parallax-no wpr-sticky-section-no wpr-equal-height-no e-con e-parent\" data-id=\"f2f4f5c\" data-element_type=\"container\" data-e-type=\"container\">\n\t\t\t\t\t<div class=\"e-con-inner\">\n\t\t\t\t<div class=\"elementor-element elementor-element-f89656f elementor-widget elementor-widget-page-title\" data-id=\"f89656f\" data-element_type=\"widget\" data-e-type=\"widget\" data-settings=\"{&quot;align&quot;:&quot;center&quot;}\" data-widget_type=\"page-title.default\">\n\t\t\t\t<div class=\"elementor-widget-container\">\n\t\t\t\t\t\t\t\n\t\t<div class=\"hfe-page-title hfe-page-title-wrapper elementor-widget-heading\">\n\n\t\t\t\t\t\t\t\t\t\t\t<a href=\"https:\/\/letangdescigales.com\">\n\t\t\t\t\t\t<h2 class=\"elementor-heading-title elementor-size-default\">\n\t\t\t\t\t\t\t\t\n\t\t\t\t05 au 07 juin &#8211; Week-end Yoga \u00e0 L\u2019\u00c9tang des Cigales : ralentir et profiter du soleil en juin  \n\t\t\t<\/h2 > \n\t\t\t\t\t\t\t\t\t<\/a>\n\t\t\t\t\t<\/div>\n\t\t\t\t\t\t<\/div>\n\t\t\t\t<\/div>\n\t\t\t\t<div class=\"elementor-element elementor-element-2fbcf15 elementor-widget elementor-widget-image\" data-id=\"2fbcf15\" data-element_type=\"widget\" data-e-type=\"widget\" data-widget_type=\"image.default\">\n\t\t\t\t<div class=\"elementor-widget-container\">\n\t\t\t\t\t\t\t\t\t\t\t\t\t\t\t\t<a href=\"https:\/\/letangdescigales.com\/wp-content\/uploads\/2025\/06\/20260605-Respire-avec-les-cigales-5-7-juin.jpg\" data-elementor-open-lightbox=\"yes\" data-elementor-lightbox-title=\"Yoga au lever du soleil \u00e0 L\u2019\u00c9tang des Cigales\" data-e-action-hash=\"#elementor-action%3Aaction%3Dlightbox%26settings%3DeyJpZCI6MTI0MSwidXJsIjoiaHR0cHM6XC9cL2xldGFuZ2Rlc2NpZ2FsZXMuY29tXC93cC1jb250ZW50XC91cGxvYWRzXC8yMDI1XC8wNlwvMjAyNjA2MDUtUmVzcGlyZS1hdmVjLWxlcy1jaWdhbGVzLTUtNy1qdWluLmpwZyJ9\">\n\t\t\t\t\t\t\t<img fetchpriority=\"high\" decoding=\"async\" width=\"300\" height=\"300\" src=\"https:\/\/letangdescigales.com\/wp-content\/uploads\/2025\/06\/20260605-Respire-avec-les-cigales-5-7-juin-300x300.jpg\" class=\"attachment-medium size-medium wp-image-1241\" alt=\"s\u00e9ance de yoga en plein air au lever du soleil \u00e0 L\u2019\u00c9tang des Cigales en juin\" srcset=\"https:\/\/letangdescigales.com\/wp-content\/uploads\/2025\/06\/20260605-Respire-avec-les-cigales-5-7-juin-300x300.jpg 300w, https:\/\/letangdescigales.com\/wp-content\/uploads\/2025\/06\/20260605-Respire-avec-les-cigales-5-7-juin-150x150.jpg 150w, https:\/\/letangdescigales.com\/wp-content\/uploads\/2025\/06\/20260605-Respire-avec-les-cigales-5-7-juin-768x768.jpg 768w, https:\/\/letangdescigales.com\/wp-content\/uploads\/2025\/06\/20260605-Respire-avec-les-cigales-5-7-juin.jpg 900w\" sizes=\"(max-width: 300px) 100vw, 300px\" \/>\t\t\t\t\t\t\t\t<\/a>\n\t\t\t\t\t\t\t\t\t\t\t\t\t\t\t<\/div>\n\t\t\t\t<\/div>\n\t\t\t\t<div class=\"elementor-element elementor-element-115cb31 elementor-widget__width-initial elementor-widget elementor-widget-text-editor\" data-id=\"115cb31\" data-element_type=\"widget\" data-e-type=\"widget\" data-widget_type=\"text-editor.default\">\n\t\t\t\t<div class=\"elementor-widget-container\">\n\t\t\t\t\t\t\t\t\t<div><div><strong>Un superbe week-end :<\/strong><\/div><div>\u00a0<\/div><div>Cette ann\u00e9e, pour mon s\u00e9jour du mois de Juin, j\u2019avais envie de changer. Changer de lieu, d\u00e9couvrir d\u2019autres endroits et repenser la fa\u00e7on dont j\u2019organise mes week-ends, tout en conservant l\u2019essentiel.<\/div><div>\u00a0<\/div><div>L\u2019objectif est simple : vous permettre de <strong>prendre le temps<\/strong>, de <strong>pratiquer le yoga<\/strong> et de <strong>vivre ce s\u00e9jour \u00e0 votre guise<\/strong>, en fonction de vos envies, <strong>sans contrainte<\/strong>.<\/div><div>\u00a0<\/div><div>Les journ\u00e9es seront rythm\u00e9es par des pratiques de yoga le matin et le soir, laissant de larges espaces pour d\u00e9couvrir les environs, se baigner, dans un bassin naturel rien<\/div><div>que pour nous, se balader, recevoir un massage ou simplement ne rien faire.<\/div><div>\u00a0<\/div><div>Les repas, pr\u00e9par\u00e9s avec soin par nos h\u00f4tes, sont inclus et s\u2019int\u00e8grent naturellement \u00e0 ce rythme fluide et l\u00e9ger.<\/div><div>\u00a0<\/div><div>Pour encore plus de l\u00e2cher-prise, <strong>je vous prends en charge depuis Chalon<\/strong> : il ne vous reste qu\u2019\u00e0 vous laisser porter.<\/div><div>\u00a0<\/div><div>L\u2019intention de ce s\u00e9jour est simple : ralentir et profiter du calme, du soleil et des plaisirs simples et authentiques, dans un lieu reposant et idyllique: <strong>L\u2019Etang des Cigales \u00e0 Uchaux dans le Vaucluse<\/strong><\/div><div>\u00a0<\/div><div>Tarif : 540\u20ac tout compris , acompte de 290\u20ac \u00e0 la r\u00e9servation<\/div><\/div><div><div>\u00a0<\/div><div><b>Cora Yoga<\/b><\/div><div>Cours de Yoga Vinyasa, Yin Yoga, Collectifs et Individuels.<\/div><div><div>Intervention en Entreprises.<\/div><div>Sonoth\u00e9rapeute<\/div><div>Massage Amma<\/div><div>\u00a0<\/div><div>27 Rue d&rsquo;Autun<\/div><div>71100 Chalon S\/S<\/div><div><a href=\"tel:+33614275521\" target=\"_blank\" rel=\"noopener\"><strong>R\u00e9servations : 06 14 27 55 21<\/strong><\/a><\/div><\/div><\/div>\t\t\t\t\t\t\t\t<\/div>\n\t\t\t\t<\/div>\n\t\t\t\t<div class=\"elementor-element elementor-element-aaa0c84 elementor-align-center elementor-widget elementor-widget-button\" data-id=\"aaa0c84\" data-element_type=\"widget\" data-e-type=\"widget\" data-widget_type=\"button.default\">\n\t\t\t\t<div class=\"elementor-widget-container\">\n\t\t\t\t\t\t\t\t\t<div class=\"elementor-button-wrapper\">\n\t\t\t\t\t<a class=\"elementor-button elementor-button-link elementor-size-sm\" href=\"https:\/\/letangdescigales.com\/?p=1022\">\n\t\t\t\t\t\t<span class=\"elementor-button-content-wrapper\">\n\t\t\t\t\t\t<span class=\"elementor-button-icon\">\n\t\t\t\t<i aria-hidden=\"true\" class=\"icon icon-list1\"><\/i>\t\t\t<\/span>\n\t\t\t\t\t\t\t\t\t<span class=\"elementor-button-text\">Voir tous les \u00e9v\u00e9nements<\/span>\n\t\t\t\t\t<\/span>\n\t\t\t\t\t<\/a>\n\t\t\t\t<\/div>\n\t\t\t\t\t\t\t\t<\/div>\n\t\t\t\t<\/div>\n\t\t\t\t\t<\/div>\n\t\t\t\t<\/div>\n\t\t\t\t<\/div>\n\t\t","protected":false},"excerpt":{"rendered":"<p>05 au 07 juin &#8211; Week-end Yoga \u00e0 L\u2019\u00c9tang des Cigales : ralentir et profiter du soleil en juin Un superbe week-end :\u00a0Cette ann\u00e9e, pour mon s\u00e9jour du mois de Juin, j\u2019avais envie de changer. Changer de lieu, d\u00e9couvrir d\u2019autres endroits et repenser la fa\u00e7on dont j\u2019organise mes week-ends, tout en conservant l\u2019essentiel.\u00a0L\u2019objectif est simple : vous permettre de prendre le temps, de pratiquer le yoga et de vivre ce s\u00e9jour \u00e0 votre guise, en fonction de vos envies, sans contrainte.\u00a0Les journ\u00e9es seront rythm\u00e9es par des pratiques de yoga le matin et le soir, laissant de larges espaces pour d\u00e9couvrir les environs, se baigner, dans un bassin naturel rienque pour nous, se balader, recevoir un massage ou simplement ne rien faire.\u00a0Les repas, pr\u00e9par\u00e9s avec soin par nos h\u00f4tes, sont inclus et s\u2019int\u00e8grent naturellement \u00e0 ce rythme fluide et l\u00e9ger.\u00a0Pour encore plus de l\u00e2cher-prise, je vous prends en charge depuis Chalon : il ne vous reste qu\u2019\u00e0 vous laisser porter.\u00a0L\u2019intention de ce s\u00e9jour est simple : ralentir et profiter du calme, du soleil et des plaisirs simples et authentiques, dans un lieu reposant et idyllique: L\u2019Etang des Cigales \u00e0 Uchaux dans le Vaucluse\u00a0Tarif : 540\u20ac tout compris , acompte de 290\u20ac \u00e0 la r\u00e9servation\u00a0Cora YogaCours de Yoga Vinyasa, Yin Yoga, Collectifs et Individuels.Intervention en Entreprises.Sonoth\u00e9rapeuteMassage Amma\u00a027 Rue d&rsquo;Autun71100 Chalon S\/SR\u00e9servations : 06 14 27 55 21 Voir tous les \u00e9v\u00e9nements<\/p>\n","protected":false},"author":1,"featured_media":1241,"comment_status":"closed","ping_status":"closed","sticky":false,"template":"","format":"standard","meta":{"footnotes":""},"categories":[1],"tags":[],"class_list":["post-1239","post","type-post","status-publish","format-standard","has-post-thumbnail","hentry","category-non-classe"],"yoast_head":"<!-- This site is optimized with the Yoast SEO plugin v27.5 - https:\/\/yoast.com\/product\/yoast-seo-wordpress\/ -->\n<title>Week-end yoga \u00e0 L\u2019\u00c9tang des Cigales en juin \u2013 S\u00e9jour tout compris<\/title>\n<meta name=\"description\" content=\"Week-end yoga \u00e0 L\u2019\u00c9tang des Cigales en juin : s\u00e9jour bien-\u00eatre tout compris, yoga, nature, bassin naturel et d\u00e9tente.\" \/>\n<meta name=\"robots\" content=\"index, follow, max-snippet:-1, max-image-preview:large, max-video-preview:-1\" \/>\n<link rel=\"canonical\" href=\"https:\/\/letangdescigales.com\/?p=1239\" \/>\n<meta property=\"og:locale\" content=\"fr_FR\" \/>\n<meta property=\"og:type\" content=\"article\" \/>\n<meta property=\"og:title\" content=\"Week-end yoga \u00e0 L\u2019\u00c9tang des Cigales en juin \u2013 S\u00e9jour tout compris\" \/>\n<meta property=\"og:description\" content=\"Week-end yoga \u00e0 L\u2019\u00c9tang des Cigales en juin : s\u00e9jour bien-\u00eatre tout compris, yoga, nature, bassin naturel et d\u00e9tente.\" \/>\n<meta property=\"og:url\" content=\"https:\/\/letangdescigales.com\/?p=1239\" \/>\n<meta property=\"og:site_name\" content=\"l&#039;\u00c9tang des Cigales\" \/>\n<meta property=\"article:publisher\" content=\"https:\/\/www.facebook.com\/profile.php?id=100064292554455\" \/>\n<meta property=\"article:published_time\" content=\"2025-06-05T07:00:14+00:00\" \/>\n<meta property=\"article:modified_time\" content=\"2026-02-18T12:02:59+00:00\" \/>\n<meta property=\"og:image\" content=\"https:\/\/letangdescigales.com\/wp-content\/uploads\/2025\/06\/20260605-Respire-avec-les-cigales-5-7-juin.jpg\" \/>\n\t<meta property=\"og:image:width\" content=\"900\" \/>\n\t<meta property=\"og:image:height\" content=\"900\" \/>\n\t<meta property=\"og:image:type\" content=\"image\/jpeg\" \/>\n<meta name=\"author\" content=\"adminetang\" \/>\n<script type=\"application\/ld+json\" class=\"yoast-schema-graph\">{\"@context\":\"https:\\\/\\\/schema.org\",\"@graph\":[{\"@type\":\"Article\",\"@id\":\"https:\\\/\\\/letangdescigales.com\\\/?p=1239#article\",\"isPartOf\":{\"@id\":\"https:\\\/\\\/letangdescigales.com\\\/?p=1239\"},\"author\":{\"name\":\"adminetang\",\"@id\":\"https:\\\/\\\/letangdescigales.com\\\/#\\\/schema\\\/person\\\/cd611521cc342e98a9e58f13850c1b48\"},\"headline\":\"05 au 07 juin &#8211; Week-end Yoga \u00e0 L\u2019\u00c9tang des Cigales : ralentir et profiter du soleil en juin\",\"datePublished\":\"2025-06-05T07:00:14+00:00\",\"dateModified\":\"2026-02-18T12:02:59+00:00\",\"mainEntityOfPage\":{\"@id\":\"https:\\\/\\\/letangdescigales.com\\\/?p=1239\"},\"wordCount\":263,\"publisher\":{\"@id\":\"https:\\\/\\\/letangdescigales.com\\\/#organization\"},\"image\":{\"@id\":\"https:\\\/\\\/letangdescigales.com\\\/?p=1239#primaryimage\"},\"thumbnailUrl\":\"https:\\\/\\\/letangdescigales.com\\\/wp-content\\\/uploads\\\/2025\\\/06\\\/20260605-Respire-avec-les-cigales-5-7-juin.jpg\",\"inLanguage\":\"fr-FR\"},{\"@type\":\"WebPage\",\"@id\":\"https:\\\/\\\/letangdescigales.com\\\/?p=1239\",\"url\":\"https:\\\/\\\/letangdescigales.com\\\/?p=1239\",\"name\":\"Week-end yoga \u00e0 L\u2019\u00c9tang des Cigales en juin \u2013 S\u00e9jour tout compris\",\"isPartOf\":{\"@id\":\"https:\\\/\\\/letangdescigales.com\\\/#website\"},\"primaryImageOfPage\":{\"@id\":\"https:\\\/\\\/letangdescigales.com\\\/?p=1239#primaryimage\"},\"image\":{\"@id\":\"https:\\\/\\\/letangdescigales.com\\\/?p=1239#primaryimage\"},\"thumbnailUrl\":\"https:\\\/\\\/letangdescigales.com\\\/wp-content\\\/uploads\\\/2025\\\/06\\\/20260605-Respire-avec-les-cigales-5-7-juin.jpg\",\"datePublished\":\"2025-06-05T07:00:14+00:00\",\"dateModified\":\"2026-02-18T12:02:59+00:00\",\"description\":\"Week-end yoga \u00e0 L\u2019\u00c9tang des Cigales en juin : s\u00e9jour bien-\u00eatre tout compris, yoga, nature, bassin naturel et d\u00e9tente.\",\"breadcrumb\":{\"@id\":\"https:\\\/\\\/letangdescigales.com\\\/?p=1239#breadcrumb\"},\"inLanguage\":\"fr-FR\",\"potentialAction\":[{\"@type\":\"ReadAction\",\"target\":[\"https:\\\/\\\/letangdescigales.com\\\/?p=1239\"]}]},{\"@type\":\"ImageObject\",\"inLanguage\":\"fr-FR\",\"@id\":\"https:\\\/\\\/letangdescigales.com\\\/?p=1239#primaryimage\",\"url\":\"https:\\\/\\\/letangdescigales.com\\\/wp-content\\\/uploads\\\/2025\\\/06\\\/20260605-Respire-avec-les-cigales-5-7-juin.jpg\",\"contentUrl\":\"https:\\\/\\\/letangdescigales.com\\\/wp-content\\\/uploads\\\/2025\\\/06\\\/20260605-Respire-avec-les-cigales-5-7-juin.jpg\",\"width\":900,\"height\":900,\"caption\":\"s\u00e9ance de yoga en plein air au lever du soleil \u00e0 L\u2019\u00c9tang des Cigales en juin\"},{\"@type\":\"BreadcrumbList\",\"@id\":\"https:\\\/\\\/letangdescigales.com\\\/?p=1239#breadcrumb\",\"itemListElement\":[{\"@type\":\"ListItem\",\"position\":1,\"name\":\"Accueil\",\"item\":\"https:\\\/\\\/letangdescigales.com\\\/\"},{\"@type\":\"ListItem\",\"position\":2,\"name\":\"05 au 07 juin &#8211; Week-end Yoga \u00e0 L\u2019\u00c9tang des Cigales : ralentir et profiter du soleil en juin\"}]},{\"@type\":\"WebSite\",\"@id\":\"https:\\\/\\\/letangdescigales.com\\\/#website\",\"url\":\"https:\\\/\\\/letangdescigales.com\\\/\",\"name\":\"L'\u00e9tang des cigales\",\"description\":\"Votre s\u00e9jour en g\u00eete \u00e0 Uchaux\",\"publisher\":{\"@id\":\"https:\\\/\\\/letangdescigales.com\\\/#organization\"},\"potentialAction\":[{\"@type\":\"SearchAction\",\"target\":{\"@type\":\"EntryPoint\",\"urlTemplate\":\"https:\\\/\\\/letangdescigales.com\\\/?s={search_term_string}\"},\"query-input\":{\"@type\":\"PropertyValueSpecification\",\"valueRequired\":true,\"valueName\":\"search_term_string\"}}],\"inLanguage\":\"fr-FR\"},{\"@type\":\"Organization\",\"@id\":\"https:\\\/\\\/letangdescigales.com\\\/#organization\",\"name\":\"L'\u00e9tang des cigales\",\"url\":\"https:\\\/\\\/letangdescigales.com\\\/\",\"logo\":{\"@type\":\"ImageObject\",\"inLanguage\":\"fr-FR\",\"@id\":\"https:\\\/\\\/letangdescigales.com\\\/#\\\/schema\\\/logo\\\/image\\\/\",\"url\":\"https:\\\/\\\/letangdescigales.com\\\/wp-content\\\/uploads\\\/2023\\\/04\\\/rond_couleur_etang_des_cigales.png\",\"contentUrl\":\"https:\\\/\\\/letangdescigales.com\\\/wp-content\\\/uploads\\\/2023\\\/04\\\/rond_couleur_etang_des_cigales.png\",\"width\":1150,\"height\":1218,\"caption\":\"L'\u00e9tang des cigales\"},\"image\":{\"@id\":\"https:\\\/\\\/letangdescigales.com\\\/#\\\/schema\\\/logo\\\/image\\\/\"},\"sameAs\":[\"https:\\\/\\\/www.facebook.com\\\/profile.php?id=100064292554455\"]},{\"@type\":\"Person\",\"@id\":\"https:\\\/\\\/letangdescigales.com\\\/#\\\/schema\\\/person\\\/cd611521cc342e98a9e58f13850c1b48\",\"name\":\"adminetang\",\"image\":{\"@type\":\"ImageObject\",\"inLanguage\":\"fr-FR\",\"@id\":\"https:\\\/\\\/secure.gravatar.com\\\/avatar\\\/e3c3992ae08857290f461f3850d547aeb822cfe932c795ec6b49b110eafae859?s=96&d=mm&r=g\",\"url\":\"https:\\\/\\\/secure.gravatar.com\\\/avatar\\\/e3c3992ae08857290f461f3850d547aeb822cfe932c795ec6b49b110eafae859?s=96&d=mm&r=g\",\"contentUrl\":\"https:\\\/\\\/secure.gravatar.com\\\/avatar\\\/e3c3992ae08857290f461f3850d547aeb822cfe932c795ec6b49b110eafae859?s=96&d=mm&r=g\",\"caption\":\"adminetang\"},\"sameAs\":[\"http:\\\/\\\/letangdescigales.com\"],\"url\":\"https:\\\/\\\/letangdescigales.com\\\/?author=1\"}]}<\/script>\n<!-- \/ Yoast SEO plugin. -->","yoast_head_json":{"title":"Week-end yoga \u00e0 L\u2019\u00c9tang des Cigales en juin \u2013 S\u00e9jour tout compris","description":"Week-end yoga \u00e0 L\u2019\u00c9tang des Cigales en juin : s\u00e9jour bien-\u00eatre tout compris, yoga, nature, bassin naturel et d\u00e9tente.","robots":{"index":"index","follow":"follow","max-snippet":"max-snippet:-1","max-image-preview":"max-image-preview:large","max-video-preview":"max-video-preview:-1"},"canonical":"https:\/\/letangdescigales.com\/?p=1239","og_locale":"fr_FR","og_type":"article","og_title":"Week-end yoga \u00e0 L\u2019\u00c9tang des Cigales en juin \u2013 S\u00e9jour tout compris","og_description":"Week-end yoga \u00e0 L\u2019\u00c9tang des Cigales en juin : s\u00e9jour bien-\u00eatre tout compris, yoga, nature, bassin naturel et d\u00e9tente.","og_url":"https:\/\/letangdescigales.com\/?p=1239","og_site_name":"l&#039;\u00c9tang des Cigales","article_publisher":"https:\/\/www.facebook.com\/profile.php?id=100064292554455","article_published_time":"2025-06-05T07:00:14+00:00","article_modified_time":"2026-02-18T12:02:59+00:00","og_image":[{"width":900,"height":900,"url":"https:\/\/letangdescigales.com\/wp-content\/uploads\/2025\/06\/20260605-Respire-avec-les-cigales-5-7-juin.jpg","type":"image\/jpeg"}],"author":"adminetang","schema":{"@context":"https:\/\/schema.org","@graph":[{"@type":"Article","@id":"https:\/\/letangdescigales.com\/?p=1239#article","isPartOf":{"@id":"https:\/\/letangdescigales.com\/?p=1239"},"author":{"name":"adminetang","@id":"https:\/\/letangdescigales.com\/#\/schema\/person\/cd611521cc342e98a9e58f13850c1b48"},"headline":"05 au 07 juin &#8211; Week-end Yoga \u00e0 L\u2019\u00c9tang des Cigales : ralentir et profiter du soleil en juin","datePublished":"2025-06-05T07:00:14+00:00","dateModified":"2026-02-18T12:02:59+00:00","mainEntityOfPage":{"@id":"https:\/\/letangdescigales.com\/?p=1239"},"wordCount":263,"publisher":{"@id":"https:\/\/letangdescigales.com\/#organization"},"image":{"@id":"https:\/\/letangdescigales.com\/?p=1239#primaryimage"},"thumbnailUrl":"https:\/\/letangdescigales.com\/wp-content\/uploads\/2025\/06\/20260605-Respire-avec-les-cigales-5-7-juin.jpg","inLanguage":"fr-FR"},{"@type":"WebPage","@id":"https:\/\/letangdescigales.com\/?p=1239","url":"https:\/\/letangdescigales.com\/?p=1239","name":"Week-end yoga \u00e0 L\u2019\u00c9tang des Cigales en juin \u2013 S\u00e9jour tout compris","isPartOf":{"@id":"https:\/\/letangdescigales.com\/#website"},"primaryImageOfPage":{"@id":"https:\/\/letangdescigales.com\/?p=1239#primaryimage"},"image":{"@id":"https:\/\/letangdescigales.com\/?p=1239#primaryimage"},"thumbnailUrl":"https:\/\/letangdescigales.com\/wp-content\/uploads\/2025\/06\/20260605-Respire-avec-les-cigales-5-7-juin.jpg","datePublished":"2025-06-05T07:00:14+00:00","dateModified":"2026-02-18T12:02:59+00:00","description":"Week-end yoga \u00e0 L\u2019\u00c9tang des Cigales en juin : s\u00e9jour bien-\u00eatre tout compris, yoga, nature, bassin naturel et d\u00e9tente.","breadcrumb":{"@id":"https:\/\/letangdescigales.com\/?p=1239#breadcrumb"},"inLanguage":"fr-FR","potentialAction":[{"@type":"ReadAction","target":["https:\/\/letangdescigales.com\/?p=1239"]}]},{"@type":"ImageObject","inLanguage":"fr-FR","@id":"https:\/\/letangdescigales.com\/?p=1239#primaryimage","url":"https:\/\/letangdescigales.com\/wp-content\/uploads\/2025\/06\/20260605-Respire-avec-les-cigales-5-7-juin.jpg","contentUrl":"https:\/\/letangdescigales.com\/wp-content\/uploads\/2025\/06\/20260605-Respire-avec-les-cigales-5-7-juin.jpg","width":900,"height":900,"caption":"s\u00e9ance de yoga en plein air au lever du soleil \u00e0 L\u2019\u00c9tang des Cigales en juin"},{"@type":"BreadcrumbList","@id":"https:\/\/letangdescigales.com\/?p=1239#breadcrumb","itemListElement":[{"@type":"ListItem","position":1,"name":"Accueil","item":"https:\/\/letangdescigales.com\/"},{"@type":"ListItem","position":2,"name":"05 au 07 juin &#8211; Week-end Yoga \u00e0 L\u2019\u00c9tang des Cigales : ralentir et profiter du soleil en juin"}]},{"@type":"WebSite","@id":"https:\/\/letangdescigales.com\/#website","url":"https:\/\/letangdescigales.com\/","name":"L'\u00e9tang des cigales","description":"Votre s\u00e9jour en g\u00eete \u00e0 Uchaux","publisher":{"@id":"https:\/\/letangdescigales.com\/#organization"},"potentialAction":[{"@type":"SearchAction","target":{"@type":"EntryPoint","urlTemplate":"https:\/\/letangdescigales.com\/?s={search_term_string}"},"query-input":{"@type":"PropertyValueSpecification","valueRequired":true,"valueName":"search_term_string"}}],"inLanguage":"fr-FR"},{"@type":"Organization","@id":"https:\/\/letangdescigales.com\/#organization","name":"L'\u00e9tang des cigales","url":"https:\/\/letangdescigales.com\/","logo":{"@type":"ImageObject","inLanguage":"fr-FR","@id":"https:\/\/letangdescigales.com\/#\/schema\/logo\/image\/","url":"https:\/\/letangdescigales.com\/wp-content\/uploads\/2023\/04\/rond_couleur_etang_des_cigales.png","contentUrl":"https:\/\/letangdescigales.com\/wp-content\/uploads\/2023\/04\/rond_couleur_etang_des_cigales.png","width":1150,"height":1218,"caption":"L'\u00e9tang des cigales"},"image":{"@id":"https:\/\/letangdescigales.com\/#\/schema\/logo\/image\/"},"sameAs":["https:\/\/www.facebook.com\/profile.php?id=100064292554455"]},{"@type":"Person","@id":"https:\/\/letangdescigales.com\/#\/schema\/person\/cd611521cc342e98a9e58f13850c1b48","name":"adminetang","image":{"@type":"ImageObject","inLanguage":"fr-FR","@id":"https:\/\/secure.gravatar.com\/avatar\/e3c3992ae08857290f461f3850d547aeb822cfe932c795ec6b49b110eafae859?s=96&d=mm&r=g","url":"https:\/\/secure.gravatar.com\/avatar\/e3c3992ae08857290f461f3850d547aeb822cfe932c795ec6b49b110eafae859?s=96&d=mm&r=g","contentUrl":"https:\/\/secure.gravatar.com\/avatar\/e3c3992ae08857290f461f3850d547aeb822cfe932c795ec6b49b110eafae859?s=96&d=mm&r=g","caption":"adminetang"},"sameAs":["http:\/\/letangdescigales.com"],"url":"https:\/\/letangdescigales.com\/?author=1"}]}},"_links":{"self":[{"href":"https:\/\/letangdescigales.com\/index.php?rest_route=\/wp\/v2\/posts\/1239","targetHints":{"allow":["GET"]}}],"collection":[{"href":"https:\/\/letangdescigales.com\/index.php?rest_route=\/wp\/v2\/posts"}],"about":[{"href":"https:\/\/letangdescigales.com\/index.php?rest_route=\/wp\/v2\/types\/post"}],"author":[{"embeddable":true,"href":"https:\/\/letangdescigales.com\/index.php?rest_route=\/wp\/v2\/users\/1"}],"replies":[{"embeddable":true,"href":"https:\/\/letangdescigales.com\/index.php?rest_route=%2Fwp%2Fv2%2Fcomments&post=1239"}],"version-history":[{"count":8,"href":"https:\/\/letangdescigales.com\/index.php?rest_route=\/wp\/v2\/posts\/1239\/revisions"}],"predecessor-version":[{"id":1248,"href":"https:\/\/letangdescigales.com\/index.php?rest_route=\/wp\/v2\/posts\/1239\/revisions\/1248"}],"wp:featuredmedia":[{"embeddable":true,"href":"https:\/\/letangdescigales.com\/index.php?rest_route=\/wp\/v2\/media\/1241"}],"wp:attachment":[{"href":"https:\/\/letangdescigales.com\/index.php?rest_route=%2Fwp%2Fv2%2Fmedia&parent=1239"}],"wp:term":[{"taxonomy":"category","embeddable":true,"href":"https:\/\/letangdescigales.com\/index.php?rest_route=%2Fwp%2Fv2%2Fcategories&post=1239"},{"taxonomy":"post_tag","embeddable":true,"href":"https:\/\/letangdescigales.com\/index.php?rest_route=%2Fwp%2Fv2%2Ftags&post=1239"}],"curies":[{"name":"wp","href":"https:\/\/api.w.org\/{rel}","templated":true}]}}