{"id":1227,"date":"2025-07-02T09:00:18","date_gmt":"2025-07-02T07:00:18","guid":{"rendered":"https:\/\/letangdescigales.com\/?p=1227"},"modified":"2026-02-18T12:44:51","modified_gmt":"2026-02-18T11:44:51","slug":"02-05-juillet-2026-retraite-feminine-sorora-uchaux","status":"publish","type":"post","link":"https:\/\/letangdescigales.com\/?p=1227","title":{"rendered":"2 au 5 juillet &#8211; Retraite f\u00e9minine Soror\u2019A \u00e0 Uchaux"},"content":{"rendered":"\t\t<div data-elementor-type=\"wp-post\" data-elementor-id=\"1227\" class=\"elementor elementor-1227\">\n\t\t\t\t<div class=\"elementor-element elementor-element-f2f4f5c e-flex e-con-boxed wpr-particle-no wpr-jarallax-no wpr-parallax-no wpr-sticky-section-no wpr-equal-height-no e-con e-parent\" data-id=\"f2f4f5c\" data-element_type=\"container\" data-e-type=\"container\">\n\t\t\t\t\t<div class=\"e-con-inner\">\n\t\t\t\t<div class=\"elementor-element elementor-element-f89656f elementor-widget elementor-widget-page-title\" data-id=\"f89656f\" data-element_type=\"widget\" data-e-type=\"widget\" data-settings=\"{&quot;align&quot;:&quot;center&quot;}\" data-widget_type=\"page-title.default\">\n\t\t\t\t<div class=\"elementor-widget-container\">\n\t\t\t\t\t\t\t\n\t\t<div class=\"hfe-page-title hfe-page-title-wrapper elementor-widget-heading\">\n\n\t\t\t\t\t\t\t\t\t\t\t<a href=\"https:\/\/letangdescigales.com\">\n\t\t\t\t\t\t<h2 class=\"elementor-heading-title elementor-size-default\">\n\t\t\t\t\t\t\t\t\n\t\t\t\t2 au 5 juillet &#8211; Retraite f\u00e9minine Soror\u2019A \u00e0 Uchaux  \n\t\t\t<\/h2 > \n\t\t\t\t\t\t\t\t\t<\/a>\n\t\t\t\t\t<\/div>\n\t\t\t\t\t\t<\/div>\n\t\t\t\t<\/div>\n\t\t\t\t<div class=\"elementor-element elementor-element-2fbcf15 elementor-widget elementor-widget-image\" data-id=\"2fbcf15\" data-element_type=\"widget\" data-e-type=\"widget\" data-widget_type=\"image.default\">\n\t\t\t\t<div class=\"elementor-widget-container\">\n\t\t\t\t\t\t\t\t\t\t\t\t\t\t\t\t<a href=\"https:\/\/letangdescigales.com\/wp-content\/uploads\/2025\/07\/20260702-sorora-retraite-feminine-2-au-5-juillet-2026-1.jpg\" data-elementor-open-lightbox=\"yes\" data-elementor-lightbox-title=\"Retraite f\u00e9minine Soror\u2019A \u00e0 Uchaux juillet 2026\" data-e-action-hash=\"#elementor-action%3Aaction%3Dlightbox%26settings%3DeyJpZCI6MTIyOSwidXJsIjoiaHR0cHM6XC9cL2xldGFuZ2Rlc2NpZ2FsZXMuY29tXC93cC1jb250ZW50XC91cGxvYWRzXC8yMDI1XC8wN1wvMjAyNjA3MDItc29yb3JhLXJldHJhaXRlLWZlbWluaW5lLTItYXUtNS1qdWlsbGV0LTIwMjYtMS5qcGcifQ%3D%3D\">\n\t\t\t\t\t\t\t<img fetchpriority=\"high\" decoding=\"async\" width=\"300\" height=\"212\" src=\"https:\/\/letangdescigales.com\/wp-content\/uploads\/2025\/07\/20260702-sorora-retraite-feminine-2-au-5-juillet-2026-1-300x212.jpg\" class=\"attachment-medium size-medium wp-image-1229\" alt=\"retraite f\u00e9minine Soror\u2019A \u00e0 Uchaux juillet 2026 constellations familiales et sororit\u00e9\" srcset=\"https:\/\/letangdescigales.com\/wp-content\/uploads\/2025\/07\/20260702-sorora-retraite-feminine-2-au-5-juillet-2026-1-300x212.jpg 300w, https:\/\/letangdescigales.com\/wp-content\/uploads\/2025\/07\/20260702-sorora-retraite-feminine-2-au-5-juillet-2026-1-1024x724.jpg 1024w, https:\/\/letangdescigales.com\/wp-content\/uploads\/2025\/07\/20260702-sorora-retraite-feminine-2-au-5-juillet-2026-1-768x543.jpg 768w, https:\/\/letangdescigales.com\/wp-content\/uploads\/2025\/07\/20260702-sorora-retraite-feminine-2-au-5-juillet-2026-1.jpg 1273w\" sizes=\"(max-width: 300px) 100vw, 300px\" \/>\t\t\t\t\t\t\t\t<\/a>\n\t\t\t\t\t\t\t\t\t\t\t\t\t\t\t<\/div>\n\t\t\t\t<\/div>\n\t\t\t\t<div class=\"elementor-element elementor-element-115cb31 elementor-widget__width-initial elementor-widget elementor-widget-text-editor\" data-id=\"115cb31\" data-element_type=\"widget\" data-e-type=\"widget\" data-widget_type=\"text-editor.default\">\n\t\t\t\t<div class=\"elementor-widget-container\">\n\t\t\t\t\t\t\t\t\t<h2>Retraite f\u00e9minine Soror\u2019A du 2 au 5 juillet 2026 \u00e0 L\u2019\u00c9tang des Cigales \u00e0 Uchaux<\/h2><p>Du <strong>2 au 5 juillet 2026<\/strong>, L\u2019\u00c9tang des Cigales \u00e0 <strong>Uchaux (84)<\/strong> accueille la retraite f\u00e9minine <strong>Soror\u2019A<\/strong>, un temps fort d\u00e9di\u00e9 aux femmes en qu\u00eate de transformation, de reconnexion et de lib\u00e9ration \u00e9motionnelle. Cette retraite f\u00e9minine \u00e0 Uchaux propose un espace s\u00e9curisant, bienveillant et profond\u00e9ment ressour\u00e7ant pour r\u00e9v\u00e9ler sa lumi\u00e8re int\u00e9rieure.<\/p><p>Anim\u00e9e par une kin\u00e9siologue certifi\u00e9e et facilitatrice en constellations familiales, cette retraite repose sur une conviction essentielle : <em>la transformation se vit aussi en sororit\u00e9 au contact d\u2019autres femmes<\/em>. Pendant quatre jours, chaque participante sera invit\u00e9e \u00e0 explorer ses \u00e9motions, son corps et son h\u00e9ritage transg\u00e9n\u00e9rationnel.<\/p><h2>Un programme complet pour une transformation en profondeur<\/h2><p>La retraite f\u00e9minine Soror\u2019A du 2 au 5 juillet 2026 \u00e0 Uchaux propose un programme riche et structur\u00e9, con\u00e7u pour accompagner les grandes transitions de vie :<\/p><ul><li><strong>Constellations familiales<\/strong> : lib\u00e9rer ensemble ce qui n\u2019a plus lieu d\u2019\u00eatre et apaiser les m\u00e9moires familiales.<\/li><li><strong>M\u00e9ditation au bol sonore<\/strong> : un moment de d\u00e9tente profonde et lib\u00e9ratrice.<\/li><li><strong>Qi cleansing<\/strong> : soin \u00e9nerg\u00e9tique puissant pour d\u00e9bloquer l\u2019\u00e9nergie vitale.<\/li><li><strong>Breathwork<\/strong> : respiration consciente pour acc\u00e9der \u00e0 des lib\u00e9rations \u00e9motionnelles intenses.<\/li><li><strong>D\u00e9veloppement personnel<\/strong> : ateliers et temps d\u2019int\u00e9gration pour ancrer les prises de conscience.<\/li><\/ul><p>Des surprises et des temps d\u2019int\u00e9gration viennent compl\u00e9ter ce programme afin d\u2019offrir une exp\u00e9rience compl\u00e8te et transformatrice.<\/p><h2>Un cadre naturel propice \u00e0 l\u2019introspection \u00e0 Uchaux<\/h2><p>Situ\u00e9 au c\u0153ur de la nature proven\u00e7ale, <strong>L\u2019\u00c9tang des Cigales \u00e0 Uchaux<\/strong> offre un environnement id\u00e9al pour une retraite f\u00e9minine. Les participantes b\u00e9n\u00e9ficient d\u2019h\u00e9bergements en g\u00eetes et chambres partag\u00e9es, de repas faits maison \u00e0 base de produits locaux et de temps libres quotidiens pour profiter de la piscine et du lieu.<\/p><p>Ce cadre naturel favorise le l\u00e2cher-prise, la reconnexion \u00e0 soi et la cr\u00e9ation de liens authentiques entre femmes. L\u2019\u00e9nergie du lieu soutient le travail \u00e9motionnel et \u00e9nerg\u00e9tique propos\u00e9 durant la retraite.<\/p><h2>Pourquoi participer \u00e0 cette retraite f\u00e9minine \u00e0 Uchaux ?<\/h2><p>Cette retraite f\u00e9minine Soror\u2019A s\u2019adresse aux femmes qui donnent beaucoup et ressentent le besoin de se recentrer, de se retrouver et de prendre soin d\u2019elles en profondeur. Si vous ressentez l\u2019appel de ralentir, d\u2019\u00e9couter votre corps et d\u2019explorer vos \u00e9motions dans un cadre s\u00e9curis\u00e9, alors cette retraite f\u00e9minine \u00e0 Uchaux est faite pour vous.<\/p><p>Pendant quatre jours, vous serez accompagn\u00e9e dans un processus doux mais puissant, au croisement du corps, des \u00e9motions et de la dimension transg\u00e9n\u00e9rationnelle. Ensemble, r\u00e9v\u00e9lons votre lumi\u00e8re.<\/p><h2>Informations pratiques<\/h2><p><strong>Dates :<\/strong> du 2 au 5 juillet 2026<br \/><strong>Lieu :<\/strong> L\u2019\u00c9tang des Cigales \u2013 Uchaux (Vaucluse)<br \/><strong>Tarif :<\/strong> 650 \u20ac<br \/><strong>Contact :<\/strong> <strong><a href=\"tel:+33684055097\" target=\"_blank\" rel=\"noopener\">06 84 05 50 97<\/a><\/strong><br \/><strong>Email :<\/strong> <strong><a href=\"mailto:aureliemarignane@gmail.com\" target=\"_blank\" rel=\"noopener\">aureliemarignane@gmail.com<\/a><\/strong><\/p><p>Les places \u00e9tant limit\u00e9es afin de pr\u00e9server la qualit\u00e9 d\u2019accompagnement, il est conseill\u00e9 de r\u00e9server rapidement pour cette retraite f\u00e9minine \u00e0 Uchaux en juillet 2026.<\/p>\t\t\t\t\t\t\t\t<\/div>\n\t\t\t\t<\/div>\n\t\t\t\t<div class=\"elementor-element elementor-element-1014f9b elementor-align-center elementor-widget elementor-widget-button\" data-id=\"1014f9b\" data-element_type=\"widget\" data-e-type=\"widget\" data-widget_type=\"button.default\">\n\t\t\t\t<div class=\"elementor-widget-container\">\n\t\t\t\t\t\t\t\t\t<div class=\"elementor-button-wrapper\">\n\t\t\t\t\t<a class=\"elementor-button elementor-button-link elementor-size-sm\" href=\"https:\/\/letangdescigales.com\/wp-content\/uploads\/2025\/07\/20260702-sorora-retraite-feminine-2-au-5-juillet-2026-1.jpg\" target=\"_blank\">\n\t\t\t\t\t\t<span class=\"elementor-button-content-wrapper\">\n\t\t\t\t\t\t<span class=\"elementor-button-icon\">\n\t\t\t\t<svg aria-hidden=\"true\" class=\"e-font-icon-svg e-far-map\" viewBox=\"0 0 576 512\" xmlns=\"http:\/\/www.w3.org\/2000\/svg\"><path d=\"M560.02 32c-1.96 0-3.98.37-5.96 1.16L384.01 96H384L212 35.28A64.252 64.252 0 0 0 191.76 32c-6.69 0-13.37 1.05-19.81 3.14L20.12 87.95A32.006 32.006 0 0 0 0 117.66v346.32C0 473.17 7.53 480 15.99 480c1.96 0 3.97-.37 5.96-1.16L192 416l172 60.71a63.98 63.98 0 0 0 40.05.15l151.83-52.81A31.996 31.996 0 0 0 576 394.34V48.02c0-9.19-7.53-16.02-15.98-16.02zM224 90.42l128 45.19v285.97l-128-45.19V90.42zM48 418.05V129.07l128-44.53v286.2l-.64.23L48 418.05zm480-35.13l-128 44.53V141.26l.64-.24L528 93.95v288.97z\"><\/path><\/svg>\t\t\t<\/span>\n\t\t\t\t\t\t\t\t\t<span class=\"elementor-button-text\">Voir le programme (1\/2)<\/span>\n\t\t\t\t\t<\/span>\n\t\t\t\t\t<\/a>\n\t\t\t\t<\/div>\n\t\t\t\t\t\t\t\t<\/div>\n\t\t\t\t<\/div>\n\t\t\t\t<div class=\"elementor-element elementor-element-e4b750f elementor-align-center elementor-widget elementor-widget-button\" data-id=\"e4b750f\" data-element_type=\"widget\" data-e-type=\"widget\" data-widget_type=\"button.default\">\n\t\t\t\t<div class=\"elementor-widget-container\">\n\t\t\t\t\t\t\t\t\t<div class=\"elementor-button-wrapper\">\n\t\t\t\t\t<a class=\"elementor-button elementor-button-link elementor-size-sm\" href=\"https:\/\/letangdescigales.com\/wp-content\/uploads\/2025\/07\/20260702-sorora-retraite-feminine-2-au-5-juillet-2026-2.jpg\" target=\"_blank\">\n\t\t\t\t\t\t<span class=\"elementor-button-content-wrapper\">\n\t\t\t\t\t\t<span class=\"elementor-button-icon\">\n\t\t\t\t<svg aria-hidden=\"true\" class=\"e-font-icon-svg e-far-map\" viewBox=\"0 0 576 512\" xmlns=\"http:\/\/www.w3.org\/2000\/svg\"><path d=\"M560.02 32c-1.96 0-3.98.37-5.96 1.16L384.01 96H384L212 35.28A64.252 64.252 0 0 0 191.76 32c-6.69 0-13.37 1.05-19.81 3.14L20.12 87.95A32.006 32.006 0 0 0 0 117.66v346.32C0 473.17 7.53 480 15.99 480c1.96 0 3.97-.37 5.96-1.16L192 416l172 60.71a63.98 63.98 0 0 0 40.05.15l151.83-52.81A31.996 31.996 0 0 0 576 394.34V48.02c0-9.19-7.53-16.02-15.98-16.02zM224 90.42l128 45.19v285.97l-128-45.19V90.42zM48 418.05V129.07l128-44.53v286.2l-.64.23L48 418.05zm480-35.13l-128 44.53V141.26l.64-.24L528 93.95v288.97z\"><\/path><\/svg>\t\t\t<\/span>\n\t\t\t\t\t\t\t\t\t<span class=\"elementor-button-text\">Voir le programme (2\/2)<\/span>\n\t\t\t\t\t<\/span>\n\t\t\t\t\t<\/a>\n\t\t\t\t<\/div>\n\t\t\t\t\t\t\t\t<\/div>\n\t\t\t\t<\/div>\n\t\t\t\t<div class=\"elementor-element elementor-element-aaa0c84 elementor-align-center elementor-widget elementor-widget-button\" data-id=\"aaa0c84\" data-element_type=\"widget\" data-e-type=\"widget\" data-widget_type=\"button.default\">\n\t\t\t\t<div class=\"elementor-widget-container\">\n\t\t\t\t\t\t\t\t\t<div class=\"elementor-button-wrapper\">\n\t\t\t\t\t<a class=\"elementor-button elementor-button-link elementor-size-sm\" href=\"https:\/\/letangdescigales.com\/?p=1022\">\n\t\t\t\t\t\t<span class=\"elementor-button-content-wrapper\">\n\t\t\t\t\t\t<span class=\"elementor-button-icon\">\n\t\t\t\t<i aria-hidden=\"true\" class=\"icon icon-list1\"><\/i>\t\t\t<\/span>\n\t\t\t\t\t\t\t\t\t<span class=\"elementor-button-text\">Voir tous les \u00e9v\u00e9nements<\/span>\n\t\t\t\t\t<\/span>\n\t\t\t\t\t<\/a>\n\t\t\t\t<\/div>\n\t\t\t\t\t\t\t\t<\/div>\n\t\t\t\t<\/div>\n\t\t\t\t\t<\/div>\n\t\t\t\t<\/div>\n\t\t\t\t<\/div>\n\t\t","protected":false},"excerpt":{"rendered":"<p>Retraite f\u00e9minine Soror\u2019A du 2 au 5 juillet 2026 \u00e0 Uchaux Retraite f\u00e9minine Soror\u2019A du 2 au 5 juillet 2026 \u00e0 L\u2019\u00c9tang des Cigales \u00e0 Uchaux Du 2 au 5 juillet 2026, L\u2019\u00c9tang des Cigales \u00e0 Uchaux (84) accueille la retraite f\u00e9minine Soror\u2019A, un temps fort d\u00e9di\u00e9 aux femmes en qu\u00eate de transformation, de reconnexion et de lib\u00e9ration \u00e9motionnelle. Cette retraite f\u00e9minine \u00e0 Uchaux propose un espace s\u00e9curisant, bienveillant et profond\u00e9ment ressour\u00e7ant pour r\u00e9v\u00e9ler sa lumi\u00e8re int\u00e9rieure. Anim\u00e9e par une kin\u00e9siologue certifi\u00e9e et facilitatrice en constellations familiales, cette retraite repose sur une conviction essentielle : la transformation se vit aussi en sororit\u00e9 au contact d\u2019autres femmes. Pendant quatre jours, chaque participante sera invit\u00e9e \u00e0 explorer ses \u00e9motions, son corps et son h\u00e9ritage transg\u00e9n\u00e9rationnel. Un programme complet pour une transformation en profondeur La retraite f\u00e9minine Soror\u2019A du 2 au 5 juillet 2026 \u00e0 Uchaux propose un programme riche et structur\u00e9, con\u00e7u pour accompagner les grandes transitions de vie : Constellations familiales : lib\u00e9rer ensemble ce qui n\u2019a plus lieu d\u2019\u00eatre et apaiser les m\u00e9moires familiales. M\u00e9ditation au bol sonore : un moment de d\u00e9tente profonde et lib\u00e9ratrice. Qi cleansing : soin \u00e9nerg\u00e9tique puissant pour d\u00e9bloquer l\u2019\u00e9nergie vitale. Breathwork : respiration consciente pour acc\u00e9der \u00e0 des lib\u00e9rations \u00e9motionnelles intenses. D\u00e9veloppement personnel : ateliers et temps d\u2019int\u00e9gration pour ancrer les prises de conscience. Des surprises et des temps d\u2019int\u00e9gration viennent compl\u00e9ter ce programme afin d\u2019offrir une exp\u00e9rience compl\u00e8te et transformatrice. Un cadre naturel propice \u00e0 l\u2019introspection \u00e0 Uchaux Situ\u00e9 au c\u0153ur de la nature proven\u00e7ale, L\u2019\u00c9tang des Cigales \u00e0 Uchaux offre un environnement id\u00e9al pour une retraite f\u00e9minine. Les participantes b\u00e9n\u00e9ficient d\u2019h\u00e9bergements en g\u00eetes et chambres partag\u00e9es, de repas faits maison \u00e0 base de produits locaux et de temps libres quotidiens pour profiter de la piscine et du lieu. Ce cadre naturel favorise le l\u00e2cher-prise, la reconnexion \u00e0 soi et la cr\u00e9ation de liens authentiques entre femmes. L\u2019\u00e9nergie du lieu soutient le travail \u00e9motionnel et \u00e9nerg\u00e9tique propos\u00e9 durant la retraite. Pourquoi participer \u00e0 cette retraite f\u00e9minine \u00e0 Uchaux ? Cette retraite f\u00e9minine Soror\u2019A s\u2019adresse aux femmes qui donnent beaucoup et ressentent le besoin de se recentrer, de se retrouver et de prendre soin d\u2019elles en profondeur. Si vous ressentez l\u2019appel de ralentir, d\u2019\u00e9couter votre corps et d\u2019explorer vos \u00e9motions dans un cadre s\u00e9curis\u00e9, alors cette retraite f\u00e9minine \u00e0 Uchaux est faite pour vous. Pendant quatre jours, vous serez accompagn\u00e9e dans un processus doux mais puissant, au croisement du corps, des \u00e9motions et de la dimension transg\u00e9n\u00e9rationnelle. Ensemble, r\u00e9v\u00e9lons votre lumi\u00e8re. Informations pratiques Dates : du 2 au 5 juillet 2026Lieu : L\u2019\u00c9tang des Cigales \u2013 Uchaux (Vaucluse)Tarif : 650 \u20acContact : 06 84 05 50 97Email : aureliemarignane@gmail.com Les places \u00e9tant limit\u00e9es afin de pr\u00e9server la qualit\u00e9 d\u2019accompagnement, il est conseill\u00e9 de r\u00e9server rapidement pour cette retraite f\u00e9minine \u00e0 Uchaux en juillet 2026. Voir le programme (1\/2) Voir le programme (2\/2) Voir tous les \u00e9v\u00e9nements<\/p>\n","protected":false},"author":1,"featured_media":1229,"comment_status":"closed","ping_status":"closed","sticky":false,"template":"","format":"standard","meta":{"footnotes":""},"categories":[1],"tags":[],"class_list":["post-1227","post","type-post","status-publish","format-standard","has-post-thumbnail","hentry","category-non-classe"],"yoast_head":"<!-- This site is optimized with the Yoast SEO plugin v27.5 - https:\/\/yoast.com\/product\/yoast-seo-wordpress\/ -->\n<title>Retraite f\u00e9minine du 2 au 5 juillet 2026 | L\u2019\u00c9tang des Cigales<\/title>\n<meta name=\"description\" content=\"S\u00e9jour culinaire et bien-\u00eatre en Vaucluse du 8 au 12 juin 2026 : cuisine saine, nature et d\u00e9tente \u00e0 L\u2019\u00c9tang des Cigales.\" \/>\n<meta name=\"robots\" content=\"index, follow, max-snippet:-1, max-image-preview:large, max-video-preview:-1\" \/>\n<link rel=\"canonical\" href=\"https:\/\/letangdescigales.com\/?p=1227\" \/>\n<meta property=\"og:locale\" content=\"fr_FR\" \/>\n<meta property=\"og:type\" content=\"article\" \/>\n<meta property=\"og:title\" content=\"Retraite f\u00e9minine du 2 au 5 juillet 2026 | L\u2019\u00c9tang des Cigales\" \/>\n<meta property=\"og:description\" content=\"S\u00e9jour culinaire et bien-\u00eatre en Vaucluse du 8 au 12 juin 2026 : cuisine saine, nature et d\u00e9tente \u00e0 L\u2019\u00c9tang des Cigales.\" \/>\n<meta property=\"og:url\" content=\"https:\/\/letangdescigales.com\/?p=1227\" \/>\n<meta property=\"og:site_name\" content=\"l&#039;\u00c9tang des Cigales\" \/>\n<meta property=\"article:publisher\" content=\"https:\/\/www.facebook.com\/profile.php?id=100064292554455\" \/>\n<meta property=\"article:published_time\" content=\"2025-07-02T07:00:18+00:00\" \/>\n<meta property=\"article:modified_time\" content=\"2026-02-18T11:44:51+00:00\" \/>\n<meta property=\"og:image\" content=\"https:\/\/letangdescigales.com\/wp-content\/uploads\/2025\/07\/20260702-sorora-retraite-feminine-2-au-5-juillet-2026-1.jpg\" \/>\n\t<meta property=\"og:image:width\" content=\"1273\" \/>\n\t<meta property=\"og:image:height\" content=\"900\" \/>\n\t<meta property=\"og:image:type\" content=\"image\/jpeg\" \/>\n<meta name=\"author\" content=\"adminetang\" \/>\n<script type=\"application\/ld+json\" class=\"yoast-schema-graph\">{\"@context\":\"https:\\\/\\\/schema.org\",\"@graph\":[{\"@type\":\"Article\",\"@id\":\"https:\\\/\\\/letangdescigales.com\\\/?p=1227#article\",\"isPartOf\":{\"@id\":\"https:\\\/\\\/letangdescigales.com\\\/?p=1227\"},\"author\":{\"name\":\"adminetang\",\"@id\":\"https:\\\/\\\/letangdescigales.com\\\/#\\\/schema\\\/person\\\/cd611521cc342e98a9e58f13850c1b48\"},\"headline\":\"2 au 5 juillet &#8211; Retraite f\u00e9minine Soror\u2019A \u00e0 Uchaux\",\"datePublished\":\"2025-07-02T07:00:18+00:00\",\"dateModified\":\"2026-02-18T11:44:51+00:00\",\"mainEntityOfPage\":{\"@id\":\"https:\\\/\\\/letangdescigales.com\\\/?p=1227\"},\"wordCount\":530,\"publisher\":{\"@id\":\"https:\\\/\\\/letangdescigales.com\\\/#organization\"},\"image\":{\"@id\":\"https:\\\/\\\/letangdescigales.com\\\/?p=1227#primaryimage\"},\"thumbnailUrl\":\"https:\\\/\\\/letangdescigales.com\\\/wp-content\\\/uploads\\\/2025\\\/07\\\/20260702-sorora-retraite-feminine-2-au-5-juillet-2026-1.jpg\",\"inLanguage\":\"fr-FR\"},{\"@type\":\"WebPage\",\"@id\":\"https:\\\/\\\/letangdescigales.com\\\/?p=1227\",\"url\":\"https:\\\/\\\/letangdescigales.com\\\/?p=1227\",\"name\":\"Retraite f\u00e9minine du 2 au 5 juillet 2026 | L\u2019\u00c9tang des Cigales\",\"isPartOf\":{\"@id\":\"https:\\\/\\\/letangdescigales.com\\\/#website\"},\"primaryImageOfPage\":{\"@id\":\"https:\\\/\\\/letangdescigales.com\\\/?p=1227#primaryimage\"},\"image\":{\"@id\":\"https:\\\/\\\/letangdescigales.com\\\/?p=1227#primaryimage\"},\"thumbnailUrl\":\"https:\\\/\\\/letangdescigales.com\\\/wp-content\\\/uploads\\\/2025\\\/07\\\/20260702-sorora-retraite-feminine-2-au-5-juillet-2026-1.jpg\",\"datePublished\":\"2025-07-02T07:00:18+00:00\",\"dateModified\":\"2026-02-18T11:44:51+00:00\",\"description\":\"S\u00e9jour culinaire et bien-\u00eatre en Vaucluse du 8 au 12 juin 2026 : cuisine saine, nature et d\u00e9tente \u00e0 L\u2019\u00c9tang des Cigales.\",\"breadcrumb\":{\"@id\":\"https:\\\/\\\/letangdescigales.com\\\/?p=1227#breadcrumb\"},\"inLanguage\":\"fr-FR\",\"potentialAction\":[{\"@type\":\"ReadAction\",\"target\":[\"https:\\\/\\\/letangdescigales.com\\\/?p=1227\"]}]},{\"@type\":\"ImageObject\",\"inLanguage\":\"fr-FR\",\"@id\":\"https:\\\/\\\/letangdescigales.com\\\/?p=1227#primaryimage\",\"url\":\"https:\\\/\\\/letangdescigales.com\\\/wp-content\\\/uploads\\\/2025\\\/07\\\/20260702-sorora-retraite-feminine-2-au-5-juillet-2026-1.jpg\",\"contentUrl\":\"https:\\\/\\\/letangdescigales.com\\\/wp-content\\\/uploads\\\/2025\\\/07\\\/20260702-sorora-retraite-feminine-2-au-5-juillet-2026-1.jpg\",\"width\":1273,\"height\":900,\"caption\":\"retraite f\u00e9minine Soror\u2019A \u00e0 Uchaux juillet 2026 constellations familiales et sororit\u00e9\"},{\"@type\":\"BreadcrumbList\",\"@id\":\"https:\\\/\\\/letangdescigales.com\\\/?p=1227#breadcrumb\",\"itemListElement\":[{\"@type\":\"ListItem\",\"position\":1,\"name\":\"Accueil\",\"item\":\"https:\\\/\\\/letangdescigales.com\\\/\"},{\"@type\":\"ListItem\",\"position\":2,\"name\":\"2 au 5 juillet &#8211; Retraite f\u00e9minine Soror\u2019A \u00e0 Uchaux\"}]},{\"@type\":\"WebSite\",\"@id\":\"https:\\\/\\\/letangdescigales.com\\\/#website\",\"url\":\"https:\\\/\\\/letangdescigales.com\\\/\",\"name\":\"L'\u00e9tang des cigales\",\"description\":\"Votre s\u00e9jour en g\u00eete \u00e0 Uchaux\",\"publisher\":{\"@id\":\"https:\\\/\\\/letangdescigales.com\\\/#organization\"},\"potentialAction\":[{\"@type\":\"SearchAction\",\"target\":{\"@type\":\"EntryPoint\",\"urlTemplate\":\"https:\\\/\\\/letangdescigales.com\\\/?s={search_term_string}\"},\"query-input\":{\"@type\":\"PropertyValueSpecification\",\"valueRequired\":true,\"valueName\":\"search_term_string\"}}],\"inLanguage\":\"fr-FR\"},{\"@type\":\"Organization\",\"@id\":\"https:\\\/\\\/letangdescigales.com\\\/#organization\",\"name\":\"L'\u00e9tang des cigales\",\"url\":\"https:\\\/\\\/letangdescigales.com\\\/\",\"logo\":{\"@type\":\"ImageObject\",\"inLanguage\":\"fr-FR\",\"@id\":\"https:\\\/\\\/letangdescigales.com\\\/#\\\/schema\\\/logo\\\/image\\\/\",\"url\":\"https:\\\/\\\/letangdescigales.com\\\/wp-content\\\/uploads\\\/2023\\\/04\\\/rond_couleur_etang_des_cigales.png\",\"contentUrl\":\"https:\\\/\\\/letangdescigales.com\\\/wp-content\\\/uploads\\\/2023\\\/04\\\/rond_couleur_etang_des_cigales.png\",\"width\":1150,\"height\":1218,\"caption\":\"L'\u00e9tang des cigales\"},\"image\":{\"@id\":\"https:\\\/\\\/letangdescigales.com\\\/#\\\/schema\\\/logo\\\/image\\\/\"},\"sameAs\":[\"https:\\\/\\\/www.facebook.com\\\/profile.php?id=100064292554455\"]},{\"@type\":\"Person\",\"@id\":\"https:\\\/\\\/letangdescigales.com\\\/#\\\/schema\\\/person\\\/cd611521cc342e98a9e58f13850c1b48\",\"name\":\"adminetang\",\"image\":{\"@type\":\"ImageObject\",\"inLanguage\":\"fr-FR\",\"@id\":\"https:\\\/\\\/secure.gravatar.com\\\/avatar\\\/e3c3992ae08857290f461f3850d547aeb822cfe932c795ec6b49b110eafae859?s=96&d=mm&r=g\",\"url\":\"https:\\\/\\\/secure.gravatar.com\\\/avatar\\\/e3c3992ae08857290f461f3850d547aeb822cfe932c795ec6b49b110eafae859?s=96&d=mm&r=g\",\"contentUrl\":\"https:\\\/\\\/secure.gravatar.com\\\/avatar\\\/e3c3992ae08857290f461f3850d547aeb822cfe932c795ec6b49b110eafae859?s=96&d=mm&r=g\",\"caption\":\"adminetang\"},\"sameAs\":[\"http:\\\/\\\/letangdescigales.com\"],\"url\":\"https:\\\/\\\/letangdescigales.com\\\/?author=1\"}]}<\/script>\n<!-- \/ Yoast SEO plugin. -->","yoast_head_json":{"title":"Retraite f\u00e9minine du 2 au 5 juillet 2026 | L\u2019\u00c9tang des Cigales","description":"S\u00e9jour culinaire et bien-\u00eatre en Vaucluse du 8 au 12 juin 2026 : cuisine saine, nature et d\u00e9tente \u00e0 L\u2019\u00c9tang des Cigales.","robots":{"index":"index","follow":"follow","max-snippet":"max-snippet:-1","max-image-preview":"max-image-preview:large","max-video-preview":"max-video-preview:-1"},"canonical":"https:\/\/letangdescigales.com\/?p=1227","og_locale":"fr_FR","og_type":"article","og_title":"Retraite f\u00e9minine du 2 au 5 juillet 2026 | L\u2019\u00c9tang des Cigales","og_description":"S\u00e9jour culinaire et bien-\u00eatre en Vaucluse du 8 au 12 juin 2026 : cuisine saine, nature et d\u00e9tente \u00e0 L\u2019\u00c9tang des Cigales.","og_url":"https:\/\/letangdescigales.com\/?p=1227","og_site_name":"l&#039;\u00c9tang des Cigales","article_publisher":"https:\/\/www.facebook.com\/profile.php?id=100064292554455","article_published_time":"2025-07-02T07:00:18+00:00","article_modified_time":"2026-02-18T11:44:51+00:00","og_image":[{"width":1273,"height":900,"url":"https:\/\/letangdescigales.com\/wp-content\/uploads\/2025\/07\/20260702-sorora-retraite-feminine-2-au-5-juillet-2026-1.jpg","type":"image\/jpeg"}],"author":"adminetang","schema":{"@context":"https:\/\/schema.org","@graph":[{"@type":"Article","@id":"https:\/\/letangdescigales.com\/?p=1227#article","isPartOf":{"@id":"https:\/\/letangdescigales.com\/?p=1227"},"author":{"name":"adminetang","@id":"https:\/\/letangdescigales.com\/#\/schema\/person\/cd611521cc342e98a9e58f13850c1b48"},"headline":"2 au 5 juillet &#8211; Retraite f\u00e9minine Soror\u2019A \u00e0 Uchaux","datePublished":"2025-07-02T07:00:18+00:00","dateModified":"2026-02-18T11:44:51+00:00","mainEntityOfPage":{"@id":"https:\/\/letangdescigales.com\/?p=1227"},"wordCount":530,"publisher":{"@id":"https:\/\/letangdescigales.com\/#organization"},"image":{"@id":"https:\/\/letangdescigales.com\/?p=1227#primaryimage"},"thumbnailUrl":"https:\/\/letangdescigales.com\/wp-content\/uploads\/2025\/07\/20260702-sorora-retraite-feminine-2-au-5-juillet-2026-1.jpg","inLanguage":"fr-FR"},{"@type":"WebPage","@id":"https:\/\/letangdescigales.com\/?p=1227","url":"https:\/\/letangdescigales.com\/?p=1227","name":"Retraite f\u00e9minine du 2 au 5 juillet 2026 | L\u2019\u00c9tang des Cigales","isPartOf":{"@id":"https:\/\/letangdescigales.com\/#website"},"primaryImageOfPage":{"@id":"https:\/\/letangdescigales.com\/?p=1227#primaryimage"},"image":{"@id":"https:\/\/letangdescigales.com\/?p=1227#primaryimage"},"thumbnailUrl":"https:\/\/letangdescigales.com\/wp-content\/uploads\/2025\/07\/20260702-sorora-retraite-feminine-2-au-5-juillet-2026-1.jpg","datePublished":"2025-07-02T07:00:18+00:00","dateModified":"2026-02-18T11:44:51+00:00","description":"S\u00e9jour culinaire et bien-\u00eatre en Vaucluse du 8 au 12 juin 2026 : cuisine saine, nature et d\u00e9tente \u00e0 L\u2019\u00c9tang des Cigales.","breadcrumb":{"@id":"https:\/\/letangdescigales.com\/?p=1227#breadcrumb"},"inLanguage":"fr-FR","potentialAction":[{"@type":"ReadAction","target":["https:\/\/letangdescigales.com\/?p=1227"]}]},{"@type":"ImageObject","inLanguage":"fr-FR","@id":"https:\/\/letangdescigales.com\/?p=1227#primaryimage","url":"https:\/\/letangdescigales.com\/wp-content\/uploads\/2025\/07\/20260702-sorora-retraite-feminine-2-au-5-juillet-2026-1.jpg","contentUrl":"https:\/\/letangdescigales.com\/wp-content\/uploads\/2025\/07\/20260702-sorora-retraite-feminine-2-au-5-juillet-2026-1.jpg","width":1273,"height":900,"caption":"retraite f\u00e9minine Soror\u2019A \u00e0 Uchaux juillet 2026 constellations familiales et sororit\u00e9"},{"@type":"BreadcrumbList","@id":"https:\/\/letangdescigales.com\/?p=1227#breadcrumb","itemListElement":[{"@type":"ListItem","position":1,"name":"Accueil","item":"https:\/\/letangdescigales.com\/"},{"@type":"ListItem","position":2,"name":"2 au 5 juillet &#8211; Retraite f\u00e9minine Soror\u2019A \u00e0 Uchaux"}]},{"@type":"WebSite","@id":"https:\/\/letangdescigales.com\/#website","url":"https:\/\/letangdescigales.com\/","name":"L'\u00e9tang des cigales","description":"Votre s\u00e9jour en g\u00eete \u00e0 Uchaux","publisher":{"@id":"https:\/\/letangdescigales.com\/#organization"},"potentialAction":[{"@type":"SearchAction","target":{"@type":"EntryPoint","urlTemplate":"https:\/\/letangdescigales.com\/?s={search_term_string}"},"query-input":{"@type":"PropertyValueSpecification","valueRequired":true,"valueName":"search_term_string"}}],"inLanguage":"fr-FR"},{"@type":"Organization","@id":"https:\/\/letangdescigales.com\/#organization","name":"L'\u00e9tang des cigales","url":"https:\/\/letangdescigales.com\/","logo":{"@type":"ImageObject","inLanguage":"fr-FR","@id":"https:\/\/letangdescigales.com\/#\/schema\/logo\/image\/","url":"https:\/\/letangdescigales.com\/wp-content\/uploads\/2023\/04\/rond_couleur_etang_des_cigales.png","contentUrl":"https:\/\/letangdescigales.com\/wp-content\/uploads\/2023\/04\/rond_couleur_etang_des_cigales.png","width":1150,"height":1218,"caption":"L'\u00e9tang des cigales"},"image":{"@id":"https:\/\/letangdescigales.com\/#\/schema\/logo\/image\/"},"sameAs":["https:\/\/www.facebook.com\/profile.php?id=100064292554455"]},{"@type":"Person","@id":"https:\/\/letangdescigales.com\/#\/schema\/person\/cd611521cc342e98a9e58f13850c1b48","name":"adminetang","image":{"@type":"ImageObject","inLanguage":"fr-FR","@id":"https:\/\/secure.gravatar.com\/avatar\/e3c3992ae08857290f461f3850d547aeb822cfe932c795ec6b49b110eafae859?s=96&d=mm&r=g","url":"https:\/\/secure.gravatar.com\/avatar\/e3c3992ae08857290f461f3850d547aeb822cfe932c795ec6b49b110eafae859?s=96&d=mm&r=g","contentUrl":"https:\/\/secure.gravatar.com\/avatar\/e3c3992ae08857290f461f3850d547aeb822cfe932c795ec6b49b110eafae859?s=96&d=mm&r=g","caption":"adminetang"},"sameAs":["http:\/\/letangdescigales.com"],"url":"https:\/\/letangdescigales.com\/?author=1"}]}},"_links":{"self":[{"href":"https:\/\/letangdescigales.com\/index.php?rest_route=\/wp\/v2\/posts\/1227","targetHints":{"allow":["GET"]}}],"collection":[{"href":"https:\/\/letangdescigales.com\/index.php?rest_route=\/wp\/v2\/posts"}],"about":[{"href":"https:\/\/letangdescigales.com\/index.php?rest_route=\/wp\/v2\/types\/post"}],"author":[{"embeddable":true,"href":"https:\/\/letangdescigales.com\/index.php?rest_route=\/wp\/v2\/users\/1"}],"replies":[{"embeddable":true,"href":"https:\/\/letangdescigales.com\/index.php?rest_route=%2Fwp%2Fv2%2Fcomments&post=1227"}],"version-history":[{"count":8,"href":"https:\/\/letangdescigales.com\/index.php?rest_route=\/wp\/v2\/posts\/1227\/revisions"}],"predecessor-version":[{"id":1238,"href":"https:\/\/letangdescigales.com\/index.php?rest_route=\/wp\/v2\/posts\/1227\/revisions\/1238"}],"wp:featuredmedia":[{"embeddable":true,"href":"https:\/\/letangdescigales.com\/index.php?rest_route=\/wp\/v2\/media\/1229"}],"wp:attachment":[{"href":"https:\/\/letangdescigales.com\/index.php?rest_route=%2Fwp%2Fv2%2Fmedia&parent=1227"}],"wp:term":[{"taxonomy":"category","embeddable":true,"href":"https:\/\/letangdescigales.com\/index.php?rest_route=%2Fwp%2Fv2%2Fcategories&post=1227"},{"taxonomy":"post_tag","embeddable":true,"href":"https:\/\/letangdescigales.com\/index.php?rest_route=%2Fwp%2Fv2%2Ftags&post=1227"}],"curies":[{"name":"wp","href":"https:\/\/api.w.org\/{rel}","templated":true}]}}