{"id":1183,"date":"2025-06-12T09:00:45","date_gmt":"2025-06-12T07:00:45","guid":{"rendered":"https:\/\/letangdescigales.com\/?p=1183"},"modified":"2026-02-18T12:34:33","modified_gmt":"2026-02-18T11:34:33","slug":"12-au-14-juin-sejour-yoga-bien-etre-a-uchaux-en-provence","status":"publish","type":"post","link":"https:\/\/letangdescigales.com\/?p=1183","title":{"rendered":"12 au 14 juin &#8211; S\u00e9jour yoga bien-\u00eatre \u00e0 Uchaux en Provence"},"content":{"rendered":"\t\t<div data-elementor-type=\"wp-post\" data-elementor-id=\"1183\" class=\"elementor elementor-1183\">\n\t\t\t\t<div class=\"elementor-element elementor-element-f2f4f5c e-flex e-con-boxed wpr-particle-no wpr-jarallax-no wpr-parallax-no wpr-sticky-section-no wpr-equal-height-no e-con e-parent\" data-id=\"f2f4f5c\" data-element_type=\"container\" data-e-type=\"container\">\n\t\t\t\t\t<div class=\"e-con-inner\">\n\t\t\t\t<div class=\"elementor-element elementor-element-f89656f elementor-widget elementor-widget-page-title\" data-id=\"f89656f\" data-element_type=\"widget\" data-e-type=\"widget\" data-settings=\"{&quot;align&quot;:&quot;center&quot;}\" data-widget_type=\"page-title.default\">\n\t\t\t\t<div class=\"elementor-widget-container\">\n\t\t\t\t\t\t\t\n\t\t<div class=\"hfe-page-title hfe-page-title-wrapper elementor-widget-heading\">\n\n\t\t\t\t\t\t\t\t\t\t\t<a href=\"https:\/\/letangdescigales.com\">\n\t\t\t\t\t\t<h2 class=\"elementor-heading-title elementor-size-default\">\n\t\t\t\t\t\t\t\t\n\t\t\t\t12 au 14 juin &#8211; S\u00e9jour yoga bien-\u00eatre \u00e0 Uchaux en Provence  \n\t\t\t<\/h2 > \n\t\t\t\t\t\t\t\t\t<\/a>\n\t\t\t\t\t<\/div>\n\t\t\t\t\t\t<\/div>\n\t\t\t\t<\/div>\n\t\t\t\t<div class=\"elementor-element elementor-element-2fbcf15 elementor-widget elementor-widget-image\" data-id=\"2fbcf15\" data-element_type=\"widget\" data-e-type=\"widget\" data-widget_type=\"image.default\">\n\t\t\t\t<div class=\"elementor-widget-container\">\n\t\t\t\t\t\t\t\t\t\t\t\t\t\t\t\t<a href=\"https:\/\/letangdescigales.com\/wp-content\/uploads\/2026\/02\/sejour-yoga-bien-etre-uchaux-provence-12-au-14-juin-2026.jpg\" data-elementor-open-lightbox=\"yes\" data-elementor-lightbox-title=\"S\u00e9jour yoga bien-\u00eatre \u00e0 Uchaux en Provence\" data-e-action-hash=\"#elementor-action%3Aaction%3Dlightbox%26settings%3DeyJpZCI6MTE4NCwidXJsIjoiaHR0cHM6XC9cL2xldGFuZ2Rlc2NpZ2FsZXMuY29tXC93cC1jb250ZW50XC91cGxvYWRzXC8yMDI2XC8wMlwvc2Vqb3VyLXlvZ2EtYmllbi1ldHJlLXVjaGF1eC1wcm92ZW5jZS0xMi1hdS0xNC1qdWluLTIwMjYuanBnIn0%3D\">\n\t\t\t\t\t\t\t<img fetchpriority=\"high\" decoding=\"async\" width=\"212\" height=\"300\" src=\"https:\/\/letangdescigales.com\/wp-content\/uploads\/2026\/02\/sejour-yoga-bien-etre-uchaux-provence-12-au-14-juin-2026-212x300.jpg\" class=\"attachment-medium size-medium wp-image-1184\" alt=\"S\u00e9jour yoga bien-\u00eatre Uchaux du 12 au 14 juin 2026 \u00e0 L\u2019\u00c9tang des Cigales en Provence\" srcset=\"https:\/\/letangdescigales.com\/wp-content\/uploads\/2026\/02\/sejour-yoga-bien-etre-uchaux-provence-12-au-14-juin-2026-212x300.jpg 212w, https:\/\/letangdescigales.com\/wp-content\/uploads\/2026\/02\/sejour-yoga-bien-etre-uchaux-provence-12-au-14-juin-2026.jpg 452w\" sizes=\"(max-width: 212px) 100vw, 212px\" \/>\t\t\t\t\t\t\t\t<\/a>\n\t\t\t\t\t\t\t\t\t\t\t\t\t\t\t<\/div>\n\t\t\t\t<\/div>\n\t\t\t\t<div class=\"elementor-element elementor-element-115cb31 elementor-widget__width-initial elementor-widget elementor-widget-text-editor\" data-id=\"115cb31\" data-element_type=\"widget\" data-e-type=\"widget\" data-widget_type=\"text-editor.default\">\n\t\t\t\t<div class=\"elementor-widget-container\">\n\t\t\t\t\t\t\t\t\t<h2>Un s\u00e9jour yoga bien-\u00eatre \u00e0 Uchaux en Provence du 12 au 14 juin 2026<\/h2><p>Du 12 au 14 juin 2026, <strong>L\u2019\u00c9tang des Cigales<\/strong> accueille un <strong>s\u00e9jour yoga bien-\u00eatre \u00e0 Uchaux<\/strong>, au c\u0153ur de la Provence. Pendant trois jours, offrez-vous une parenth\u00e8se hors du temps dans un cadre naturel exceptionnel, propice \u00e0 la d\u00e9tente, \u00e0 la reconnexion \u00e0 soi et \u00e0 l\u2019harmonie int\u00e9rieure.<\/p><p>Ce s\u00e9jour yoga bien-\u00eatre \u00e0 Uchaux en juin 2026 est con\u00e7u pour celles et ceux qui souhaitent ralentir, respirer, se recentrer et profiter pleinement de la douceur proven\u00e7ale. Entre s\u00e9ances de yoga, ateliers, moments de partage et instants libres au bord de l\u2019eau, chaque moment invite \u00e0 la s\u00e9r\u00e9nit\u00e9.<\/p><h2>\u00a0<\/h2><h2>Programme du s\u00e9jour yoga bien-\u00eatre \u00e0 Uchaux<\/h2><h3>Vendredi 12 juin 2026<\/h3><ul><li>15h \u00e0 16h : Arriv\u00e9e des participants, installation et visite du lieu dit<\/li><li>16h30 : Pr\u00e9sentation du groupe et des th\u00e9matiques du s\u00e9jour<\/li><li>17h \u00e0 20h : S\u00e9ance de Hatha yoga suivie de yoga Nidra et Voyage sonore<\/li><li>20h30 : D\u00eener convivial et soir\u00e9e libre<\/li><\/ul><div>\u00a0<\/div><h3>Samedi 13 juin 2026<\/h3><ul><li>8h30 : Petit d\u00e9jeuner<\/li><li>9h30 : Randonn\u00e9e et s\u00e9ance de yoga en pleine nature<\/li><li>12h30 : D\u00e9jeuner puis apr\u00e8s-midi libre (baignade, farniente, lecture, soin \u00e9nerg\u00e9tique et cours de cuisine en sus)<\/li><li>15h30 : Atelier Art th\u00e9rapie<\/li><li>16h30 : S\u00e9ance de Do In et Pigchua \/ Yin yoga \/ M\u00e9ditation pleine conscience<\/li><li>19h : D\u00e9gustation de vin<\/li><li>20h : D\u00eener suivi d\u2019une soir\u00e9e \u00e0 th\u00e8me<\/li><\/ul><div>\u00a0<\/div><h3>Dimanche 14 juin 2026<\/h3><ul><li>8h30 : Collation \u2013 petit encas<\/li><li>9h : S\u00e9ance de Qi Gong<\/li><li>11h : Brunch<\/li><li>Apr\u00e8s-midi libre : temps d\u2019\u00e9change et impressions \u00e0 partager sur ces moments de reconnexion et de bien-\u00eatre<\/li><li>17h \/ 18h : Retour \u00e0 la maison<\/li><\/ul><div>\u00a0<\/div><p><i>Il est possible de participer uniquement le samedi ou le dimanche. Pour tout renseignement compl\u00e9mentaire, vous pouvez contacter Monika au 06 22 02 85 04<\/i>.<\/p><h2>\u00a0<\/h2><h2>Un week-end bien-\u00eatre au c\u0153ur de la nature proven\u00e7ale<\/h2><p>Situ\u00e9 \u00e0 Uchaux, en Provence, <strong>L\u2019\u00c9tang des Cigales<\/strong> offre un environnement calme et inspirant. Le cadre naturel, l\u2019eau paisible, les espaces ombrag\u00e9s et la vue sur les collines environnantes cr\u00e9ent les conditions id\u00e9ales pour un s\u00e9jour yoga bien-\u00eatre \u00e0 Uchaux en juin 2026.<\/p><p>Ce week-end yoga en Provence permet d\u2019explorer diff\u00e9rentes pratiques : Hatha yoga, Yin yoga, Qi Gong, M\u00e9ditation pleine conscience, yoga Nidra, Art th\u00e9rapie et moments de partage. Chaque activit\u00e9 est pens\u00e9e pour favoriser l\u2019\u00e9quilibre entre le corps et l\u2019esprit.<\/p><p>R\u00e9servez d\u00e8s maintenant votre place pour ce s\u00e9jour yoga bien-\u00eatre \u00e0 Uchaux du 12 au 14 juin 2026 et venez vivre une exp\u00e9rience ressour\u00e7ante \u00e0 <strong>L\u2019\u00c9tang des Cigales<\/strong>, dans un \u00e9crin naturel au c\u0153ur de la Provence.<\/p><p><a style=\"background-color: #ffffff;\" href=\"tel:0622028504\" target=\"_blank\" rel=\"noopener\"><b>R\u00e9servations : appelez le 06 22 02 85 04<\/b><\/a><\/p>\t\t\t\t\t\t\t\t<\/div>\n\t\t\t\t<\/div>\n\t\t\t\t<div class=\"elementor-element elementor-element-1014f9b elementor-align-center elementor-widget elementor-widget-button\" data-id=\"1014f9b\" data-element_type=\"widget\" data-e-type=\"widget\" data-widget_type=\"button.default\">\n\t\t\t\t<div class=\"elementor-widget-container\">\n\t\t\t\t\t\t\t\t\t<div class=\"elementor-button-wrapper\">\n\t\t\t\t\t<a class=\"elementor-button elementor-button-link elementor-size-sm\" href=\"https:\/\/letangdescigales.com\/wp-content\/uploads\/2026\/02\/sejour-yoga-bien-etre-uchaux-provence-12-au-14-juin-2026.jpg\" target=\"_blank\">\n\t\t\t\t\t\t<span class=\"elementor-button-content-wrapper\">\n\t\t\t\t\t\t<span class=\"elementor-button-icon\">\n\t\t\t\t<svg aria-hidden=\"true\" class=\"e-font-icon-svg e-far-map\" viewBox=\"0 0 576 512\" xmlns=\"http:\/\/www.w3.org\/2000\/svg\"><path d=\"M560.02 32c-1.96 0-3.98.37-5.96 1.16L384.01 96H384L212 35.28A64.252 64.252 0 0 0 191.76 32c-6.69 0-13.37 1.05-19.81 3.14L20.12 87.95A32.006 32.006 0 0 0 0 117.66v346.32C0 473.17 7.53 480 15.99 480c1.96 0 3.97-.37 5.96-1.16L192 416l172 60.71a63.98 63.98 0 0 0 40.05.15l151.83-52.81A31.996 31.996 0 0 0 576 394.34V48.02c0-9.19-7.53-16.02-15.98-16.02zM224 90.42l128 45.19v285.97l-128-45.19V90.42zM48 418.05V129.07l128-44.53v286.2l-.64.23L48 418.05zm480-35.13l-128 44.53V141.26l.64-.24L528 93.95v288.97z\"><\/path><\/svg>\t\t\t<\/span>\n\t\t\t\t\t\t\t\t\t<span class=\"elementor-button-text\">Voir le programme<\/span>\n\t\t\t\t\t<\/span>\n\t\t\t\t\t<\/a>\n\t\t\t\t<\/div>\n\t\t\t\t\t\t\t\t<\/div>\n\t\t\t\t<\/div>\n\t\t\t\t<div class=\"elementor-element elementor-element-aaa0c84 elementor-align-center elementor-widget elementor-widget-button\" data-id=\"aaa0c84\" data-element_type=\"widget\" data-e-type=\"widget\" data-widget_type=\"button.default\">\n\t\t\t\t<div class=\"elementor-widget-container\">\n\t\t\t\t\t\t\t\t\t<div class=\"elementor-button-wrapper\">\n\t\t\t\t\t<a class=\"elementor-button elementor-button-link elementor-size-sm\" href=\"https:\/\/letangdescigales.com\/?p=1022\">\n\t\t\t\t\t\t<span class=\"elementor-button-content-wrapper\">\n\t\t\t\t\t\t<span class=\"elementor-button-icon\">\n\t\t\t\t<i aria-hidden=\"true\" class=\"icon icon-list1\"><\/i>\t\t\t<\/span>\n\t\t\t\t\t\t\t\t\t<span class=\"elementor-button-text\">Voir tous les \u00e9v\u00e9nements<\/span>\n\t\t\t\t\t<\/span>\n\t\t\t\t\t<\/a>\n\t\t\t\t<\/div>\n\t\t\t\t\t\t\t\t<\/div>\n\t\t\t\t<\/div>\n\t\t\t\t\t<\/div>\n\t\t\t\t<\/div>\n\t\t\t\t<\/div>\n\t\t","protected":false},"excerpt":{"rendered":"<p>12 au 14 juin &#8211; S\u00e9jour yoga bien-\u00eatre \u00e0 Uchaux en Provence Un s\u00e9jour yoga bien-\u00eatre \u00e0 Uchaux en Provence du 12 au 14 juin 2026 Du 12 au 14 juin 2026, L\u2019\u00c9tang des Cigales accueille un s\u00e9jour yoga bien-\u00eatre \u00e0 Uchaux, au c\u0153ur de la Provence. Pendant trois jours, offrez-vous une parenth\u00e8se hors du temps dans un cadre naturel exceptionnel, propice \u00e0 la d\u00e9tente, \u00e0 la reconnexion \u00e0 soi et \u00e0 l\u2019harmonie int\u00e9rieure. Ce s\u00e9jour yoga bien-\u00eatre \u00e0 Uchaux en juin 2026 est con\u00e7u pour celles et ceux qui souhaitent ralentir, respirer, se recentrer et profiter pleinement de la douceur proven\u00e7ale. Entre s\u00e9ances de yoga, ateliers, moments de partage et instants libres au bord de l\u2019eau, chaque moment invite \u00e0 la s\u00e9r\u00e9nit\u00e9. \u00a0 Programme du s\u00e9jour yoga bien-\u00eatre \u00e0 Uchaux Vendredi 12 juin 2026 15h \u00e0 16h : Arriv\u00e9e des participants, installation et visite du lieu dit 16h30 : Pr\u00e9sentation du groupe et des th\u00e9matiques du s\u00e9jour 17h \u00e0 20h : S\u00e9ance de Hatha yoga suivie de yoga Nidra et Voyage sonore 20h30 : D\u00eener convivial et soir\u00e9e libre \u00a0 Samedi 13 juin 2026 8h30 : Petit d\u00e9jeuner 9h30 : Randonn\u00e9e et s\u00e9ance de yoga en pleine nature 12h30 : D\u00e9jeuner puis apr\u00e8s-midi libre (baignade, farniente, lecture, soin \u00e9nerg\u00e9tique et cours de cuisine en sus) 15h30 : Atelier Art th\u00e9rapie 16h30 : S\u00e9ance de Do In et Pigchua \/ Yin yoga \/ M\u00e9ditation pleine conscience 19h : D\u00e9gustation de vin 20h : D\u00eener suivi d\u2019une soir\u00e9e \u00e0 th\u00e8me \u00a0 Dimanche 14 juin 2026 8h30 : Collation \u2013 petit encas 9h : S\u00e9ance de Qi Gong 11h : Brunch Apr\u00e8s-midi libre : temps d\u2019\u00e9change et impressions \u00e0 partager sur ces moments de reconnexion et de bien-\u00eatre 17h \/ 18h : Retour \u00e0 la maison \u00a0 Il est possible de participer uniquement le samedi ou le dimanche. Pour tout renseignement compl\u00e9mentaire, vous pouvez contacter Monika au 06 22 02 85 04. \u00a0 Un week-end bien-\u00eatre au c\u0153ur de la nature proven\u00e7ale Situ\u00e9 \u00e0 Uchaux, en Provence, L\u2019\u00c9tang des Cigales offre un environnement calme et inspirant. Le cadre naturel, l\u2019eau paisible, les espaces ombrag\u00e9s et la vue sur les collines environnantes cr\u00e9ent les conditions id\u00e9ales pour un s\u00e9jour yoga bien-\u00eatre \u00e0 Uchaux en juin 2026. Ce week-end yoga en Provence permet d\u2019explorer diff\u00e9rentes pratiques : Hatha yoga, Yin yoga, Qi Gong, M\u00e9ditation pleine conscience, yoga Nidra, Art th\u00e9rapie et moments de partage. Chaque activit\u00e9 est pens\u00e9e pour favoriser l\u2019\u00e9quilibre entre le corps et l\u2019esprit. R\u00e9servez d\u00e8s maintenant votre place pour ce s\u00e9jour yoga bien-\u00eatre \u00e0 Uchaux du 12 au 14 juin 2026 et venez vivre une exp\u00e9rience ressour\u00e7ante \u00e0 L\u2019\u00c9tang des Cigales, dans un \u00e9crin naturel au c\u0153ur de la Provence. R\u00e9servations : appelez le 06 22 02 85 04 Voir le programme Voir tous les \u00e9v\u00e9nements<\/p>\n","protected":false},"author":1,"featured_media":1184,"comment_status":"closed","ping_status":"closed","sticky":false,"template":"","format":"standard","meta":{"footnotes":""},"categories":[1],"tags":[],"class_list":["post-1183","post","type-post","status-publish","format-standard","has-post-thumbnail","hentry","category-non-classe"],"yoast_head":"<!-- This site is optimized with the Yoast SEO plugin v27.5 - https:\/\/yoast.com\/product\/yoast-seo-wordpress\/ -->\n<title>12 au 14 juin - S\u00e9jour yoga bien-\u00eatre \u00e0 Uchaux en Provence - l&#039;\u00c9tang des Cigales<\/title>\n<meta name=\"description\" content=\"S\u00e9jour culinaire et bien-\u00eatre en Vaucluse du 8 au 12 juin 2026 : cuisine saine, nature et d\u00e9tente \u00e0 L\u2019\u00c9tang des Cigales.\" \/>\n<meta name=\"robots\" content=\"index, follow, max-snippet:-1, max-image-preview:large, max-video-preview:-1\" \/>\n<link rel=\"canonical\" href=\"https:\/\/letangdescigales.com\/?p=1183\" \/>\n<meta property=\"og:locale\" content=\"fr_FR\" \/>\n<meta property=\"og:type\" content=\"article\" \/>\n<meta property=\"og:title\" content=\"12 au 14 juin - S\u00e9jour yoga bien-\u00eatre \u00e0 Uchaux en Provence - l&#039;\u00c9tang des Cigales\" \/>\n<meta property=\"og:description\" content=\"S\u00e9jour culinaire et bien-\u00eatre en Vaucluse du 8 au 12 juin 2026 : cuisine saine, nature et d\u00e9tente \u00e0 L\u2019\u00c9tang des Cigales.\" \/>\n<meta property=\"og:url\" content=\"https:\/\/letangdescigales.com\/?p=1183\" \/>\n<meta property=\"og:site_name\" content=\"l&#039;\u00c9tang des Cigales\" \/>\n<meta property=\"article:publisher\" content=\"https:\/\/www.facebook.com\/profile.php?id=100064292554455\" \/>\n<meta property=\"article:published_time\" content=\"2025-06-12T07:00:45+00:00\" \/>\n<meta property=\"article:modified_time\" content=\"2026-02-18T11:34:33+00:00\" \/>\n<meta property=\"og:image\" content=\"https:\/\/letangdescigales.com\/wp-content\/uploads\/2026\/02\/sejour-yoga-bien-etre-uchaux-provence-12-au-14-juin-2026.jpg\" \/>\n\t<meta property=\"og:image:width\" content=\"452\" \/>\n\t<meta property=\"og:image:height\" content=\"640\" \/>\n\t<meta property=\"og:image:type\" content=\"image\/jpeg\" \/>\n<meta name=\"author\" content=\"adminetang\" \/>\n<script type=\"application\/ld+json\" class=\"yoast-schema-graph\">{\"@context\":\"https:\\\/\\\/schema.org\",\"@graph\":[{\"@type\":\"Article\",\"@id\":\"https:\\\/\\\/letangdescigales.com\\\/?p=1183#article\",\"isPartOf\":{\"@id\":\"https:\\\/\\\/letangdescigales.com\\\/?p=1183\"},\"author\":{\"name\":\"adminetang\",\"@id\":\"https:\\\/\\\/letangdescigales.com\\\/#\\\/schema\\\/person\\\/cd611521cc342e98a9e58f13850c1b48\"},\"headline\":\"12 au 14 juin &#8211; S\u00e9jour yoga bien-\u00eatre \u00e0 Uchaux en Provence\",\"datePublished\":\"2025-06-12T07:00:45+00:00\",\"dateModified\":\"2026-02-18T11:34:33+00:00\",\"mainEntityOfPage\":{\"@id\":\"https:\\\/\\\/letangdescigales.com\\\/?p=1183\"},\"wordCount\":475,\"publisher\":{\"@id\":\"https:\\\/\\\/letangdescigales.com\\\/#organization\"},\"image\":{\"@id\":\"https:\\\/\\\/letangdescigales.com\\\/?p=1183#primaryimage\"},\"thumbnailUrl\":\"https:\\\/\\\/letangdescigales.com\\\/wp-content\\\/uploads\\\/2026\\\/02\\\/sejour-yoga-bien-etre-uchaux-provence-12-au-14-juin-2026.jpg\",\"inLanguage\":\"fr-FR\"},{\"@type\":\"WebPage\",\"@id\":\"https:\\\/\\\/letangdescigales.com\\\/?p=1183\",\"url\":\"https:\\\/\\\/letangdescigales.com\\\/?p=1183\",\"name\":\"12 au 14 juin - S\u00e9jour yoga bien-\u00eatre \u00e0 Uchaux en Provence - l&#039;\u00c9tang des Cigales\",\"isPartOf\":{\"@id\":\"https:\\\/\\\/letangdescigales.com\\\/#website\"},\"primaryImageOfPage\":{\"@id\":\"https:\\\/\\\/letangdescigales.com\\\/?p=1183#primaryimage\"},\"image\":{\"@id\":\"https:\\\/\\\/letangdescigales.com\\\/?p=1183#primaryimage\"},\"thumbnailUrl\":\"https:\\\/\\\/letangdescigales.com\\\/wp-content\\\/uploads\\\/2026\\\/02\\\/sejour-yoga-bien-etre-uchaux-provence-12-au-14-juin-2026.jpg\",\"datePublished\":\"2025-06-12T07:00:45+00:00\",\"dateModified\":\"2026-02-18T11:34:33+00:00\",\"description\":\"S\u00e9jour culinaire et bien-\u00eatre en Vaucluse du 8 au 12 juin 2026 : cuisine saine, nature et d\u00e9tente \u00e0 L\u2019\u00c9tang des Cigales.\",\"breadcrumb\":{\"@id\":\"https:\\\/\\\/letangdescigales.com\\\/?p=1183#breadcrumb\"},\"inLanguage\":\"fr-FR\",\"potentialAction\":[{\"@type\":\"ReadAction\",\"target\":[\"https:\\\/\\\/letangdescigales.com\\\/?p=1183\"]}]},{\"@type\":\"ImageObject\",\"inLanguage\":\"fr-FR\",\"@id\":\"https:\\\/\\\/letangdescigales.com\\\/?p=1183#primaryimage\",\"url\":\"https:\\\/\\\/letangdescigales.com\\\/wp-content\\\/uploads\\\/2026\\\/02\\\/sejour-yoga-bien-etre-uchaux-provence-12-au-14-juin-2026.jpg\",\"contentUrl\":\"https:\\\/\\\/letangdescigales.com\\\/wp-content\\\/uploads\\\/2026\\\/02\\\/sejour-yoga-bien-etre-uchaux-provence-12-au-14-juin-2026.jpg\",\"width\":452,\"height\":640,\"caption\":\"S\u00e9jour yoga bien-\u00eatre Uchaux du 12 au 14 juin 2026 \u00e0 L\u2019\u00c9tang des Cigales en Provence\"},{\"@type\":\"BreadcrumbList\",\"@id\":\"https:\\\/\\\/letangdescigales.com\\\/?p=1183#breadcrumb\",\"itemListElement\":[{\"@type\":\"ListItem\",\"position\":1,\"name\":\"Accueil\",\"item\":\"https:\\\/\\\/letangdescigales.com\\\/\"},{\"@type\":\"ListItem\",\"position\":2,\"name\":\"12 au 14 juin &#8211; S\u00e9jour yoga bien-\u00eatre \u00e0 Uchaux en Provence\"}]},{\"@type\":\"WebSite\",\"@id\":\"https:\\\/\\\/letangdescigales.com\\\/#website\",\"url\":\"https:\\\/\\\/letangdescigales.com\\\/\",\"name\":\"L'\u00e9tang des cigales\",\"description\":\"Votre s\u00e9jour en g\u00eete \u00e0 Uchaux\",\"publisher\":{\"@id\":\"https:\\\/\\\/letangdescigales.com\\\/#organization\"},\"potentialAction\":[{\"@type\":\"SearchAction\",\"target\":{\"@type\":\"EntryPoint\",\"urlTemplate\":\"https:\\\/\\\/letangdescigales.com\\\/?s={search_term_string}\"},\"query-input\":{\"@type\":\"PropertyValueSpecification\",\"valueRequired\":true,\"valueName\":\"search_term_string\"}}],\"inLanguage\":\"fr-FR\"},{\"@type\":\"Organization\",\"@id\":\"https:\\\/\\\/letangdescigales.com\\\/#organization\",\"name\":\"L'\u00e9tang des cigales\",\"url\":\"https:\\\/\\\/letangdescigales.com\\\/\",\"logo\":{\"@type\":\"ImageObject\",\"inLanguage\":\"fr-FR\",\"@id\":\"https:\\\/\\\/letangdescigales.com\\\/#\\\/schema\\\/logo\\\/image\\\/\",\"url\":\"https:\\\/\\\/letangdescigales.com\\\/wp-content\\\/uploads\\\/2023\\\/04\\\/rond_couleur_etang_des_cigales.png\",\"contentUrl\":\"https:\\\/\\\/letangdescigales.com\\\/wp-content\\\/uploads\\\/2023\\\/04\\\/rond_couleur_etang_des_cigales.png\",\"width\":1150,\"height\":1218,\"caption\":\"L'\u00e9tang des cigales\"},\"image\":{\"@id\":\"https:\\\/\\\/letangdescigales.com\\\/#\\\/schema\\\/logo\\\/image\\\/\"},\"sameAs\":[\"https:\\\/\\\/www.facebook.com\\\/profile.php?id=100064292554455\"]},{\"@type\":\"Person\",\"@id\":\"https:\\\/\\\/letangdescigales.com\\\/#\\\/schema\\\/person\\\/cd611521cc342e98a9e58f13850c1b48\",\"name\":\"adminetang\",\"image\":{\"@type\":\"ImageObject\",\"inLanguage\":\"fr-FR\",\"@id\":\"https:\\\/\\\/secure.gravatar.com\\\/avatar\\\/e3c3992ae08857290f461f3850d547aeb822cfe932c795ec6b49b110eafae859?s=96&d=mm&r=g\",\"url\":\"https:\\\/\\\/secure.gravatar.com\\\/avatar\\\/e3c3992ae08857290f461f3850d547aeb822cfe932c795ec6b49b110eafae859?s=96&d=mm&r=g\",\"contentUrl\":\"https:\\\/\\\/secure.gravatar.com\\\/avatar\\\/e3c3992ae08857290f461f3850d547aeb822cfe932c795ec6b49b110eafae859?s=96&d=mm&r=g\",\"caption\":\"adminetang\"},\"sameAs\":[\"http:\\\/\\\/letangdescigales.com\"],\"url\":\"https:\\\/\\\/letangdescigales.com\\\/?author=1\"}]}<\/script>\n<!-- \/ Yoast SEO plugin. -->","yoast_head_json":{"title":"12 au 14 juin - S\u00e9jour yoga bien-\u00eatre \u00e0 Uchaux en Provence - l&#039;\u00c9tang des Cigales","description":"S\u00e9jour culinaire et bien-\u00eatre en Vaucluse du 8 au 12 juin 2026 : cuisine saine, nature et d\u00e9tente \u00e0 L\u2019\u00c9tang des Cigales.","robots":{"index":"index","follow":"follow","max-snippet":"max-snippet:-1","max-image-preview":"max-image-preview:large","max-video-preview":"max-video-preview:-1"},"canonical":"https:\/\/letangdescigales.com\/?p=1183","og_locale":"fr_FR","og_type":"article","og_title":"12 au 14 juin - S\u00e9jour yoga bien-\u00eatre \u00e0 Uchaux en Provence - l&#039;\u00c9tang des Cigales","og_description":"S\u00e9jour culinaire et bien-\u00eatre en Vaucluse du 8 au 12 juin 2026 : cuisine saine, nature et d\u00e9tente \u00e0 L\u2019\u00c9tang des Cigales.","og_url":"https:\/\/letangdescigales.com\/?p=1183","og_site_name":"l&#039;\u00c9tang des Cigales","article_publisher":"https:\/\/www.facebook.com\/profile.php?id=100064292554455","article_published_time":"2025-06-12T07:00:45+00:00","article_modified_time":"2026-02-18T11:34:33+00:00","og_image":[{"width":452,"height":640,"url":"https:\/\/letangdescigales.com\/wp-content\/uploads\/2026\/02\/sejour-yoga-bien-etre-uchaux-provence-12-au-14-juin-2026.jpg","type":"image\/jpeg"}],"author":"adminetang","schema":{"@context":"https:\/\/schema.org","@graph":[{"@type":"Article","@id":"https:\/\/letangdescigales.com\/?p=1183#article","isPartOf":{"@id":"https:\/\/letangdescigales.com\/?p=1183"},"author":{"name":"adminetang","@id":"https:\/\/letangdescigales.com\/#\/schema\/person\/cd611521cc342e98a9e58f13850c1b48"},"headline":"12 au 14 juin &#8211; S\u00e9jour yoga bien-\u00eatre \u00e0 Uchaux en Provence","datePublished":"2025-06-12T07:00:45+00:00","dateModified":"2026-02-18T11:34:33+00:00","mainEntityOfPage":{"@id":"https:\/\/letangdescigales.com\/?p=1183"},"wordCount":475,"publisher":{"@id":"https:\/\/letangdescigales.com\/#organization"},"image":{"@id":"https:\/\/letangdescigales.com\/?p=1183#primaryimage"},"thumbnailUrl":"https:\/\/letangdescigales.com\/wp-content\/uploads\/2026\/02\/sejour-yoga-bien-etre-uchaux-provence-12-au-14-juin-2026.jpg","inLanguage":"fr-FR"},{"@type":"WebPage","@id":"https:\/\/letangdescigales.com\/?p=1183","url":"https:\/\/letangdescigales.com\/?p=1183","name":"12 au 14 juin - S\u00e9jour yoga bien-\u00eatre \u00e0 Uchaux en Provence - l&#039;\u00c9tang des Cigales","isPartOf":{"@id":"https:\/\/letangdescigales.com\/#website"},"primaryImageOfPage":{"@id":"https:\/\/letangdescigales.com\/?p=1183#primaryimage"},"image":{"@id":"https:\/\/letangdescigales.com\/?p=1183#primaryimage"},"thumbnailUrl":"https:\/\/letangdescigales.com\/wp-content\/uploads\/2026\/02\/sejour-yoga-bien-etre-uchaux-provence-12-au-14-juin-2026.jpg","datePublished":"2025-06-12T07:00:45+00:00","dateModified":"2026-02-18T11:34:33+00:00","description":"S\u00e9jour culinaire et bien-\u00eatre en Vaucluse du 8 au 12 juin 2026 : cuisine saine, nature et d\u00e9tente \u00e0 L\u2019\u00c9tang des Cigales.","breadcrumb":{"@id":"https:\/\/letangdescigales.com\/?p=1183#breadcrumb"},"inLanguage":"fr-FR","potentialAction":[{"@type":"ReadAction","target":["https:\/\/letangdescigales.com\/?p=1183"]}]},{"@type":"ImageObject","inLanguage":"fr-FR","@id":"https:\/\/letangdescigales.com\/?p=1183#primaryimage","url":"https:\/\/letangdescigales.com\/wp-content\/uploads\/2026\/02\/sejour-yoga-bien-etre-uchaux-provence-12-au-14-juin-2026.jpg","contentUrl":"https:\/\/letangdescigales.com\/wp-content\/uploads\/2026\/02\/sejour-yoga-bien-etre-uchaux-provence-12-au-14-juin-2026.jpg","width":452,"height":640,"caption":"S\u00e9jour yoga bien-\u00eatre Uchaux du 12 au 14 juin 2026 \u00e0 L\u2019\u00c9tang des Cigales en Provence"},{"@type":"BreadcrumbList","@id":"https:\/\/letangdescigales.com\/?p=1183#breadcrumb","itemListElement":[{"@type":"ListItem","position":1,"name":"Accueil","item":"https:\/\/letangdescigales.com\/"},{"@type":"ListItem","position":2,"name":"12 au 14 juin &#8211; S\u00e9jour yoga bien-\u00eatre \u00e0 Uchaux en Provence"}]},{"@type":"WebSite","@id":"https:\/\/letangdescigales.com\/#website","url":"https:\/\/letangdescigales.com\/","name":"L'\u00e9tang des cigales","description":"Votre s\u00e9jour en g\u00eete \u00e0 Uchaux","publisher":{"@id":"https:\/\/letangdescigales.com\/#organization"},"potentialAction":[{"@type":"SearchAction","target":{"@type":"EntryPoint","urlTemplate":"https:\/\/letangdescigales.com\/?s={search_term_string}"},"query-input":{"@type":"PropertyValueSpecification","valueRequired":true,"valueName":"search_term_string"}}],"inLanguage":"fr-FR"},{"@type":"Organization","@id":"https:\/\/letangdescigales.com\/#organization","name":"L'\u00e9tang des cigales","url":"https:\/\/letangdescigales.com\/","logo":{"@type":"ImageObject","inLanguage":"fr-FR","@id":"https:\/\/letangdescigales.com\/#\/schema\/logo\/image\/","url":"https:\/\/letangdescigales.com\/wp-content\/uploads\/2023\/04\/rond_couleur_etang_des_cigales.png","contentUrl":"https:\/\/letangdescigales.com\/wp-content\/uploads\/2023\/04\/rond_couleur_etang_des_cigales.png","width":1150,"height":1218,"caption":"L'\u00e9tang des cigales"},"image":{"@id":"https:\/\/letangdescigales.com\/#\/schema\/logo\/image\/"},"sameAs":["https:\/\/www.facebook.com\/profile.php?id=100064292554455"]},{"@type":"Person","@id":"https:\/\/letangdescigales.com\/#\/schema\/person\/cd611521cc342e98a9e58f13850c1b48","name":"adminetang","image":{"@type":"ImageObject","inLanguage":"fr-FR","@id":"https:\/\/secure.gravatar.com\/avatar\/e3c3992ae08857290f461f3850d547aeb822cfe932c795ec6b49b110eafae859?s=96&d=mm&r=g","url":"https:\/\/secure.gravatar.com\/avatar\/e3c3992ae08857290f461f3850d547aeb822cfe932c795ec6b49b110eafae859?s=96&d=mm&r=g","contentUrl":"https:\/\/secure.gravatar.com\/avatar\/e3c3992ae08857290f461f3850d547aeb822cfe932c795ec6b49b110eafae859?s=96&d=mm&r=g","caption":"adminetang"},"sameAs":["http:\/\/letangdescigales.com"],"url":"https:\/\/letangdescigales.com\/?author=1"}]}},"_links":{"self":[{"href":"https:\/\/letangdescigales.com\/index.php?rest_route=\/wp\/v2\/posts\/1183","targetHints":{"allow":["GET"]}}],"collection":[{"href":"https:\/\/letangdescigales.com\/index.php?rest_route=\/wp\/v2\/posts"}],"about":[{"href":"https:\/\/letangdescigales.com\/index.php?rest_route=\/wp\/v2\/types\/post"}],"author":[{"embeddable":true,"href":"https:\/\/letangdescigales.com\/index.php?rest_route=\/wp\/v2\/users\/1"}],"replies":[{"embeddable":true,"href":"https:\/\/letangdescigales.com\/index.php?rest_route=%2Fwp%2Fv2%2Fcomments&post=1183"}],"version-history":[{"count":25,"href":"https:\/\/letangdescigales.com\/index.php?rest_route=\/wp\/v2\/posts\/1183\/revisions"}],"predecessor-version":[{"id":1216,"href":"https:\/\/letangdescigales.com\/index.php?rest_route=\/wp\/v2\/posts\/1183\/revisions\/1216"}],"wp:featuredmedia":[{"embeddable":true,"href":"https:\/\/letangdescigales.com\/index.php?rest_route=\/wp\/v2\/media\/1184"}],"wp:attachment":[{"href":"https:\/\/letangdescigales.com\/index.php?rest_route=%2Fwp%2Fv2%2Fmedia&parent=1183"}],"wp:term":[{"taxonomy":"category","embeddable":true,"href":"https:\/\/letangdescigales.com\/index.php?rest_route=%2Fwp%2Fv2%2Fcategories&post=1183"},{"taxonomy":"post_tag","embeddable":true,"href":"https:\/\/letangdescigales.com\/index.php?rest_route=%2Fwp%2Fv2%2Ftags&post=1183"}],"curies":[{"name":"wp","href":"https:\/\/api.w.org\/{rel}","templated":true}]}}