{"id":1149,"date":"2025-06-08T09:00:23","date_gmt":"2025-06-08T07:00:23","guid":{"rendered":"https:\/\/letangdescigales.com\/?p=1149"},"modified":"2026-02-18T12:34:23","modified_gmt":"2026-02-18T11:34:23","slug":"sejour-culinaire-et-bien-etre-en-vaucluse-8-au-12-juin-2026-letang-des-cigales","status":"publish","type":"post","link":"https:\/\/letangdescigales.com\/?p=1149","title":{"rendered":"8 au 12 juin &#8211; S\u00e9jour culinaire et bien-\u00eatre \u00e0 L\u2019\u00c9tang des Cigales"},"content":{"rendered":"\t\t<div data-elementor-type=\"wp-post\" data-elementor-id=\"1149\" class=\"elementor elementor-1149\">\n\t\t\t\t<div class=\"elementor-element elementor-element-f2f4f5c e-flex e-con-boxed wpr-particle-no wpr-jarallax-no wpr-parallax-no wpr-sticky-section-no wpr-equal-height-no e-con e-parent\" data-id=\"f2f4f5c\" data-element_type=\"container\" data-e-type=\"container\">\n\t\t\t\t\t<div class=\"e-con-inner\">\n\t\t\t\t<div class=\"elementor-element elementor-element-f89656f elementor-widget elementor-widget-page-title\" data-id=\"f89656f\" data-element_type=\"widget\" data-e-type=\"widget\" data-settings=\"{&quot;align&quot;:&quot;center&quot;}\" data-widget_type=\"page-title.default\">\n\t\t\t\t<div class=\"elementor-widget-container\">\n\t\t\t\t\t\t\t\n\t\t<div class=\"hfe-page-title hfe-page-title-wrapper elementor-widget-heading\">\n\n\t\t\t\t\t\t\t\t\t\t\t<a href=\"https:\/\/letangdescigales.com\">\n\t\t\t\t\t\t<h2 class=\"elementor-heading-title elementor-size-default\">\n\t\t\t\t\t\t\t\t\n\t\t\t\t8 au 12 juin &#8211; S\u00e9jour culinaire et bien-\u00eatre \u00e0 L\u2019\u00c9tang des Cigales  \n\t\t\t<\/h2 > \n\t\t\t\t\t\t\t\t\t<\/a>\n\t\t\t\t\t<\/div>\n\t\t\t\t\t\t<\/div>\n\t\t\t\t<\/div>\n\t\t\t\t<div class=\"elementor-element elementor-element-2fbcf15 elementor-widget elementor-widget-image\" data-id=\"2fbcf15\" data-element_type=\"widget\" data-e-type=\"widget\" data-widget_type=\"image.default\">\n\t\t\t\t<div class=\"elementor-widget-container\">\n\t\t\t\t\t\t\t\t\t\t\t\t\t\t\t\t<a href=\"https:\/\/letangdescigales.com\/wp-content\/uploads\/2026\/02\/8-12-juin-2026-sejour-bien-etre-entre-vaucluse-et-drome-provencale-l-etang-des-cigales-01.jpg\" data-elementor-open-lightbox=\"yes\" data-elementor-lightbox-title=\"Du 8 au 12 juin : S\u00e9jour bien-\u00eatre entre Vaucluse et Dr\u00f4me proven\u00e7ale\" data-e-action-hash=\"#elementor-action%3Aaction%3Dlightbox%26settings%3DeyJpZCI6MTE1NiwidXJsIjoiaHR0cHM6XC9cL2xldGFuZ2Rlc2NpZ2FsZXMuY29tXC93cC1jb250ZW50XC91cGxvYWRzXC8yMDI2XC8wMlwvOC0xMi1qdWluLTIwMjYtc2Vqb3VyLWJpZW4tZXRyZS1lbnRyZS12YXVjbHVzZS1ldC1kcm9tZS1wcm92ZW5jYWxlLWwtZXRhbmctZGVzLWNpZ2FsZXMtMDEuanBnIn0%3D\">\n\t\t\t\t\t\t\t<img fetchpriority=\"high\" decoding=\"async\" width=\"225\" height=\"300\" src=\"https:\/\/letangdescigales.com\/wp-content\/uploads\/2026\/02\/8-12-juin-2026-sejour-bien-etre-entre-vaucluse-et-drome-provencale-l-etang-des-cigales-01-225x300.jpg\" class=\"attachment-medium size-medium wp-image-1156\" alt=\"Du 8 au 12 juin : S\u00e9jour culinaire et bien-\u00eatre en pleine nature entre Vaucluse et Dr\u00f4me proven\u00e7ale\" srcset=\"https:\/\/letangdescigales.com\/wp-content\/uploads\/2026\/02\/8-12-juin-2026-sejour-bien-etre-entre-vaucluse-et-drome-provencale-l-etang-des-cigales-01-225x300.jpg 225w, https:\/\/letangdescigales.com\/wp-content\/uploads\/2026\/02\/8-12-juin-2026-sejour-bien-etre-entre-vaucluse-et-drome-provencale-l-etang-des-cigales-01.jpg 675w\" sizes=\"(max-width: 225px) 100vw, 225px\" \/>\t\t\t\t\t\t\t\t<\/a>\n\t\t\t\t\t\t\t\t\t\t\t\t\t\t\t<\/div>\n\t\t\t\t<\/div>\n\t\t\t\t<div class=\"elementor-element elementor-element-115cb31 elementor-widget__width-initial elementor-widget elementor-widget-text-editor\" data-id=\"115cb31\" data-element_type=\"widget\" data-e-type=\"widget\" data-widget_type=\"text-editor.default\">\n\t\t\t\t<div class=\"elementor-widget-container\">\n\t\t\t\t\t\t\t\t\t<h2>Un s\u00e9jour culinaire et bien-\u00eatre au c\u0153ur de la nature<\/h2><p>Du <strong>8 au 12 juin 2026<\/strong>, <strong>L\u2019\u00c9tang des Cigales<\/strong> accueille un <strong>s\u00e9jour culinaire et bien-\u00eatre<\/strong> unique, organis\u00e9 par <strong>Des Papilles qui P\u00e9tillent<\/strong>, anim\u00e9 par <strong>Jennifer Martin<\/strong>. Ce s\u00e9jour est une invitation \u00e0 ralentir, \u00e0 prendre soin de soi et \u00e0 se reconnecter \u00e0 l\u2019essentiel dans un cadre naturel pr\u00e9serv\u00e9, entre <strong>Vaucluse<\/strong> et <strong>Dr\u00f4me proven\u00e7ale<\/strong>.<\/p><p>Pendant plusieurs jours, les participantes sont invit\u00e9es \u00e0 s\u2019offrir une v\u00e9ritable parenth\u00e8se de douceur, m\u00ealant <strong>cuisine saine et gourmande<\/strong>, activit\u00e9s bien-\u00eatre et moments de partage. Ici, tout est pens\u00e9 pour vous permettre de l\u00e2cher prise : vous n\u2019avez qu\u2019\u00e0 vous laisser porter, Jennifer s\u2019occupe de tout.<\/p><h2>Des ateliers de cuisine saine et gourmande<\/h2><p>Au c\u0153ur de ce s\u00e9jour culinaire bien-\u00eatre, la cuisine tient une place centrale. Les ateliers propos\u00e9s sont accessibles \u00e0 tous et mettent \u00e0 l\u2019honneur une alimentation vivante, \u00e9quilibr\u00e9e et savoureuse. Les participantes d\u00e9couvrent notamment le <strong>Vitaliseur de Marion<\/strong>, un outil de cuisson douce permettant de pr\u00e9server les nutriments et les saveurs des aliments.<\/p><p>Les ateliers sont con\u00e7us comme de v\u00e9ritables moments de transmission et de convivialit\u00e9. Chacune peut exp\u00e9rimenter, poser ses questions et repartir avec des id\u00e9es concr\u00e8tes \u00e0 reproduire facilement au quotidien.<\/p><h2>Bien-\u00eatre, nature et activit\u00e9s douces<\/h2><p>Ce s\u00e9jour ne se limite pas \u00e0 la cuisine. Il s\u2019inscrit dans une d\u00e9marche globale de <strong>bien-\u00eatre<\/strong>, en harmonie avec la nature environnante de <strong>L\u2019\u00c9tang des Cigales<\/strong>. Des <strong>activit\u00e9s douces<\/strong> sont propos\u00e9es tout au long du s\u00e9jour, favorisant la d\u00e9tente du corps et de l\u2019esprit.<\/p><p>Les participantes profitent \u00e9galement de <strong>balades en pleine nature<\/strong>, id\u00e9ales pour se ressourcer, respirer et se reconnecter \u00e0 l\u2019environnement proven\u00e7al. Ces temps calmes permettent de retrouver une \u00e9nergie plus sereine et durable.<\/p><h2>Un s\u00e9jour pour se recentrer et se faire du bien<\/h2><p>Ce <strong>s\u00e9jour culinaire et bien-\u00eatre en juin 2026<\/strong> s\u2019adresse \u00e0 toutes celles qui ressentent le besoin de faire une pause, de prendre du temps pour elles et de se recentrer. Dans une ambiance bienveillante et chaleureuse, les \u00e9changes se font naturellement et cr\u00e9ent une dynamique de groupe enrichissante.<\/p><p>Le cadre apaisant de <strong>L\u2019\u00c9tang des Cigales<\/strong>, alli\u00e9 \u00e0 l\u2019expertise et \u00e0 la douceur de <strong>Jennifer Martin<\/strong>, fait de ce s\u00e9jour une exp\u00e9rience compl\u00e8te, \u00e0 la fois nourrissante, inspirante et profond\u00e9ment ressour\u00e7ante.<\/p><h2>Informations pratiques et r\u00e9servation<\/h2><p><strong>Dates :<\/strong> du 8 au 12 juin 2026<br \/><strong>Lieu :<\/strong> L\u2019\u00c9tang des Cigales &#8211; 865 Chemin du Cros 84100 Uchaux &#8211; Vaucluse<br \/><strong>Organisation :<\/strong> Des Papilles qui P\u00e9tillent \u2013 Jennifer Martin<\/p><p>Les inscriptions sont ouvertes. La r\u00e9servation se fait directement en ligne :<a href=\"https:\/\/despapillesquipetillent.com\/sejour-entre-vaucluse-et-drome-provencale-juin-2026\/\" target=\"_blank\" rel=\"noopener\"><br \/><strong>D\u00e9couvrir le s\u00e9jour et r\u00e9server en ligne<\/strong><br \/><\/a><\/p>\t\t\t\t\t\t\t\t<\/div>\n\t\t\t\t<\/div>\n\t\t\t\t<div class=\"elementor-element elementor-element-d44af7d gallery-spacing-custom elementor-widget elementor-widget-image-gallery\" data-id=\"d44af7d\" data-element_type=\"widget\" data-e-type=\"widget\" data-widget_type=\"image-gallery.default\">\n\t\t\t\t<div class=\"elementor-widget-container\">\n\t\t\t\t\t\t\t<div class=\"elementor-image-gallery\">\n\t\t\t<div id='gallery-1' class='gallery galleryid-1149 gallery-columns-6 gallery-size-thumbnail'><figure class='gallery-item'>\n\t\t\t<div class='gallery-icon portrait'>\n\t\t\t\t<a data-elementor-open-lightbox=\"yes\" data-elementor-lightbox-slideshow=\"d44af7d\" data-elementor-lightbox-title=\"Du 8 au 12 juin : S\u00e9jour bien-\u00eatre entre Vaucluse et Dr\u00f4me proven\u00e7ale\" data-e-action-hash=\"#elementor-action%3Aaction%3Dlightbox%26settings%3DeyJpZCI6MTE1MSwidXJsIjoiaHR0cHM6XC9cL2xldGFuZ2Rlc2NpZ2FsZXMuY29tXC93cC1jb250ZW50XC91cGxvYWRzXC8yMDI2XC8wMlwvOC0xMi1qdWluLTIwMjYtc2Vqb3VyLWJpZW4tZXRyZS1lbnRyZS12YXVjbHVzZS1ldC1kcm9tZS1wcm92ZW5jYWxlLWwtZXRhbmctZGVzLWNpZ2FsZXMtMDIuanBnIiwic2xpZGVzaG93IjoiZDQ0YWY3ZCJ9\" href='https:\/\/letangdescigales.com\/wp-content\/uploads\/2026\/02\/8-12-juin-2026-sejour-bien-etre-entre-vaucluse-et-drome-provencale-l-etang-des-cigales-02.jpg'><img decoding=\"async\" width=\"150\" height=\"150\" src=\"https:\/\/letangdescigales.com\/wp-content\/uploads\/2026\/02\/8-12-juin-2026-sejour-bien-etre-entre-vaucluse-et-drome-provencale-l-etang-des-cigales-02-150x150.jpg\" class=\"attachment-thumbnail size-thumbnail\" alt=\"Du 8 au 12 juin : S\u00e9jour culinaire et bien-\u00eatre en pleine nature entre Vaucluse et Dr\u00f4me proven\u00e7ale\" \/><\/a>\n\t\t\t<\/div><\/figure><figure class='gallery-item'>\n\t\t\t<div class='gallery-icon portrait'>\n\t\t\t\t<a data-elementor-open-lightbox=\"yes\" data-elementor-lightbox-slideshow=\"d44af7d\" data-elementor-lightbox-title=\"8-12-juin-2026-sejour-bien-etre-entre-vaucluse-et-drome-provencale-l-etang-des-cigales-03\" data-e-action-hash=\"#elementor-action%3Aaction%3Dlightbox%26settings%3DeyJpZCI6MTE1MiwidXJsIjoiaHR0cHM6XC9cL2xldGFuZ2Rlc2NpZ2FsZXMuY29tXC93cC1jb250ZW50XC91cGxvYWRzXC8yMDI2XC8wMlwvOC0xMi1qdWluLTIwMjYtc2Vqb3VyLWJpZW4tZXRyZS1lbnRyZS12YXVjbHVzZS1ldC1kcm9tZS1wcm92ZW5jYWxlLWwtZXRhbmctZGVzLWNpZ2FsZXMtMDMuanBnIiwic2xpZGVzaG93IjoiZDQ0YWY3ZCJ9\" href='https:\/\/letangdescigales.com\/wp-content\/uploads\/2026\/02\/8-12-juin-2026-sejour-bien-etre-entre-vaucluse-et-drome-provencale-l-etang-des-cigales-03.jpg'><img decoding=\"async\" width=\"150\" height=\"150\" src=\"https:\/\/letangdescigales.com\/wp-content\/uploads\/2026\/02\/8-12-juin-2026-sejour-bien-etre-entre-vaucluse-et-drome-provencale-l-etang-des-cigales-03-150x150.jpg\" class=\"attachment-thumbnail size-thumbnail\" alt=\"Du 8 au 12 juin : S\u00e9jour culinaire et bien-\u00eatre en pleine nature entre Vaucluse et Dr\u00f4me proven\u00e7ale\" \/><\/a>\n\t\t\t<\/div><\/figure><figure class='gallery-item'>\n\t\t\t<div class='gallery-icon portrait'>\n\t\t\t\t<a data-elementor-open-lightbox=\"yes\" data-elementor-lightbox-slideshow=\"d44af7d\" data-elementor-lightbox-title=\"8-12-juin-2026-sejour-bien-etre-entre-vaucluse-et-drome-provencale-l-etang-des-cigales-04\" data-e-action-hash=\"#elementor-action%3Aaction%3Dlightbox%26settings%3DeyJpZCI6MTE1MywidXJsIjoiaHR0cHM6XC9cL2xldGFuZ2Rlc2NpZ2FsZXMuY29tXC93cC1jb250ZW50XC91cGxvYWRzXC8yMDI2XC8wMlwvOC0xMi1qdWluLTIwMjYtc2Vqb3VyLWJpZW4tZXRyZS1lbnRyZS12YXVjbHVzZS1ldC1kcm9tZS1wcm92ZW5jYWxlLWwtZXRhbmctZGVzLWNpZ2FsZXMtMDQuanBnIiwic2xpZGVzaG93IjoiZDQ0YWY3ZCJ9\" href='https:\/\/letangdescigales.com\/wp-content\/uploads\/2026\/02\/8-12-juin-2026-sejour-bien-etre-entre-vaucluse-et-drome-provencale-l-etang-des-cigales-04.jpg'><img loading=\"lazy\" decoding=\"async\" width=\"150\" height=\"150\" src=\"https:\/\/letangdescigales.com\/wp-content\/uploads\/2026\/02\/8-12-juin-2026-sejour-bien-etre-entre-vaucluse-et-drome-provencale-l-etang-des-cigales-04-150x150.jpg\" class=\"attachment-thumbnail size-thumbnail\" alt=\"Du 8 au 12 juin : S\u00e9jour culinaire et bien-\u00eatre en pleine nature entre Vaucluse et Dr\u00f4me proven\u00e7ale\" \/><\/a>\n\t\t\t<\/div><\/figure><figure class='gallery-item'>\n\t\t\t<div class='gallery-icon portrait'>\n\t\t\t\t<a data-elementor-open-lightbox=\"yes\" data-elementor-lightbox-slideshow=\"d44af7d\" data-elementor-lightbox-title=\"8-12-juin-2026-sejour-bien-etre-entre-vaucluse-et-drome-provencale-l-etang-des-cigales-05\" data-e-action-hash=\"#elementor-action%3Aaction%3Dlightbox%26settings%3DeyJpZCI6MTE1NCwidXJsIjoiaHR0cHM6XC9cL2xldGFuZ2Rlc2NpZ2FsZXMuY29tXC93cC1jb250ZW50XC91cGxvYWRzXC8yMDI2XC8wMlwvOC0xMi1qdWluLTIwMjYtc2Vqb3VyLWJpZW4tZXRyZS1lbnRyZS12YXVjbHVzZS1ldC1kcm9tZS1wcm92ZW5jYWxlLWwtZXRhbmctZGVzLWNpZ2FsZXMtMDUuanBnIiwic2xpZGVzaG93IjoiZDQ0YWY3ZCJ9\" href='https:\/\/letangdescigales.com\/wp-content\/uploads\/2026\/02\/8-12-juin-2026-sejour-bien-etre-entre-vaucluse-et-drome-provencale-l-etang-des-cigales-05.jpg'><img loading=\"lazy\" decoding=\"async\" width=\"150\" height=\"150\" src=\"https:\/\/letangdescigales.com\/wp-content\/uploads\/2026\/02\/8-12-juin-2026-sejour-bien-etre-entre-vaucluse-et-drome-provencale-l-etang-des-cigales-05-150x150.jpg\" class=\"attachment-thumbnail size-thumbnail\" alt=\"Du 8 au 12 juin : S\u00e9jour culinaire et bien-\u00eatre en pleine nature entre Vaucluse et Dr\u00f4me proven\u00e7ale\" \/><\/a>\n\t\t\t<\/div><\/figure><figure class='gallery-item'>\n\t\t\t<div class='gallery-icon portrait'>\n\t\t\t\t<a data-elementor-open-lightbox=\"yes\" data-elementor-lightbox-slideshow=\"d44af7d\" data-elementor-lightbox-title=\"Du 8 au 12 juin : S\u00e9jour bien-\u00eatre entre Vaucluse et Dr\u00f4me proven\u00e7ale\" data-e-action-hash=\"#elementor-action%3Aaction%3Dlightbox%26settings%3DeyJpZCI6MTE1NSwidXJsIjoiaHR0cHM6XC9cL2xldGFuZ2Rlc2NpZ2FsZXMuY29tXC93cC1jb250ZW50XC91cGxvYWRzXC8yMDI2XC8wMlwvOC0xMi1qdWluLTIwMjYtc2Vqb3VyLWJpZW4tZXRyZS1lbnRyZS12YXVjbHVzZS1ldC1kcm9tZS1wcm92ZW5jYWxlLWwtZXRhbmctZGVzLWNpZ2FsZXMtMDYuanBnIiwic2xpZGVzaG93IjoiZDQ0YWY3ZCJ9\" href='https:\/\/letangdescigales.com\/wp-content\/uploads\/2026\/02\/8-12-juin-2026-sejour-bien-etre-entre-vaucluse-et-drome-provencale-l-etang-des-cigales-06.jpg'><img loading=\"lazy\" decoding=\"async\" width=\"150\" height=\"150\" src=\"https:\/\/letangdescigales.com\/wp-content\/uploads\/2026\/02\/8-12-juin-2026-sejour-bien-etre-entre-vaucluse-et-drome-provencale-l-etang-des-cigales-06-150x150.jpg\" class=\"attachment-thumbnail size-thumbnail\" alt=\"Du 8 au 12 juin : S\u00e9jour culinaire et bien-\u00eatre en pleine nature entre Vaucluse et Dr\u00f4me proven\u00e7ale\" \/><\/a>\n\t\t\t<\/div><\/figure><figure class='gallery-item'>\n\t\t\t<div class='gallery-icon portrait'>\n\t\t\t\t<a data-elementor-open-lightbox=\"yes\" data-elementor-lightbox-slideshow=\"d44af7d\" data-elementor-lightbox-title=\"Du 8 au 12 juin : S\u00e9jour bien-\u00eatre entre Vaucluse et Dr\u00f4me proven\u00e7ale\" data-e-action-hash=\"#elementor-action%3Aaction%3Dlightbox%26settings%3DeyJpZCI6MTE3OCwidXJsIjoiaHR0cHM6XC9cL2xldGFuZ2Rlc2NpZ2FsZXMuY29tXC93cC1jb250ZW50XC91cGxvYWRzXC8yMDI2XC8wMlwvOC0xMi1qdWluLTIwMjYtc2Vqb3VyLWJpZW4tZXRyZS1lbnRyZS12YXVjbHVzZS1ldC1kcm9tZS1wcm92ZW5jYWxlLWwtZXRhbmctZGVzLWNpZ2FsZXMtMDcuanBnIiwic2xpZGVzaG93IjoiZDQ0YWY3ZCJ9\" href='https:\/\/letangdescigales.com\/wp-content\/uploads\/2026\/02\/8-12-juin-2026-sejour-bien-etre-entre-vaucluse-et-drome-provencale-l-etang-des-cigales-07.jpg'><img loading=\"lazy\" decoding=\"async\" width=\"150\" height=\"150\" src=\"https:\/\/letangdescigales.com\/wp-content\/uploads\/2026\/02\/8-12-juin-2026-sejour-bien-etre-entre-vaucluse-et-drome-provencale-l-etang-des-cigales-07-150x150.jpg\" class=\"attachment-thumbnail size-thumbnail\" alt=\"Du 8 au 12 juin : S\u00e9jour culinaire et bien-\u00eatre en pleine nature entre Vaucluse et Dr\u00f4me proven\u00e7ale\" \/><\/a>\n\t\t\t<\/div><\/figure>\n\t\t<\/div>\n\t\t<\/div>\n\t\t\t\t\t\t<\/div>\n\t\t\t\t<\/div>\n\t\t\t\t<div class=\"elementor-element elementor-element-1014f9b elementor-align-center elementor-widget elementor-widget-button\" data-id=\"1014f9b\" data-element_type=\"widget\" data-e-type=\"widget\" data-widget_type=\"button.default\">\n\t\t\t\t<div class=\"elementor-widget-container\">\n\t\t\t\t\t\t\t\t\t<div class=\"elementor-button-wrapper\">\n\t\t\t\t\t<a class=\"elementor-button elementor-button-link elementor-size-sm\" href=\"https:\/\/despapillesquipetillent.com\/sejour-entre-vaucluse-et-drome-provencale-juin-2026\/\" target=\"_blank\">\n\t\t\t\t\t\t<span class=\"elementor-button-content-wrapper\">\n\t\t\t\t\t\t<span class=\"elementor-button-icon\">\n\t\t\t\t<svg aria-hidden=\"true\" class=\"e-font-icon-svg e-fas-paper-plane\" viewBox=\"0 0 512 512\" xmlns=\"http:\/\/www.w3.org\/2000\/svg\"><path d=\"M476 3.2L12.5 270.6c-18.1 10.4-15.8 35.6 2.2 43.2L121 358.4l287.3-253.2c5.5-4.9 13.3 2.6 8.6 8.3L176 407v80.5c0 23.6 28.5 32.9 42.5 15.8L282 426l124.6 52.2c14.2 6 30.4-2.9 33-18.2l72-432C515 7.8 493.3-6.8 476 3.2z\"><\/path><\/svg>\t\t\t<\/span>\n\t\t\t\t\t\t\t\t\t<span class=\"elementor-button-text\">R\u00e9servez en ligne !<\/span>\n\t\t\t\t\t<\/span>\n\t\t\t\t\t<\/a>\n\t\t\t\t<\/div>\n\t\t\t\t\t\t\t\t<\/div>\n\t\t\t\t<\/div>\n\t\t\t\t<div class=\"elementor-element elementor-element-aaa0c84 elementor-align-center elementor-widget elementor-widget-button\" data-id=\"aaa0c84\" data-element_type=\"widget\" data-e-type=\"widget\" data-widget_type=\"button.default\">\n\t\t\t\t<div class=\"elementor-widget-container\">\n\t\t\t\t\t\t\t\t\t<div class=\"elementor-button-wrapper\">\n\t\t\t\t\t<a class=\"elementor-button elementor-button-link elementor-size-sm\" href=\"https:\/\/letangdescigales.com\/?p=1022\">\n\t\t\t\t\t\t<span class=\"elementor-button-content-wrapper\">\n\t\t\t\t\t\t<span class=\"elementor-button-icon\">\n\t\t\t\t<i aria-hidden=\"true\" class=\"icon icon-list1\"><\/i>\t\t\t<\/span>\n\t\t\t\t\t\t\t\t\t<span class=\"elementor-button-text\">Voir tous les articles<\/span>\n\t\t\t\t\t<\/span>\n\t\t\t\t\t<\/a>\n\t\t\t\t<\/div>\n\t\t\t\t\t\t\t\t<\/div>\n\t\t\t\t<\/div>\n\t\t\t\t\t<\/div>\n\t\t\t\t<\/div>\n\t\t\t\t<\/div>\n\t\t","protected":false},"excerpt":{"rendered":"<p>8 au 12 juin &#8211; S\u00e9jour culinaire et bien-\u00eatre \u00e0 L\u2019\u00c9tang des Cigales Un s\u00e9jour culinaire et bien-\u00eatre au c\u0153ur de la nature Du 8 au 12 juin 2026, L\u2019\u00c9tang des Cigales accueille un s\u00e9jour culinaire et bien-\u00eatre unique, organis\u00e9 par Des Papilles qui P\u00e9tillent, anim\u00e9 par Jennifer Martin. Ce s\u00e9jour est une invitation \u00e0 ralentir, \u00e0 prendre soin de soi et \u00e0 se reconnecter \u00e0 l\u2019essentiel dans un cadre naturel pr\u00e9serv\u00e9, entre Vaucluse et Dr\u00f4me proven\u00e7ale. Pendant plusieurs jours, les participantes sont invit\u00e9es \u00e0 s\u2019offrir une v\u00e9ritable parenth\u00e8se de douceur, m\u00ealant cuisine saine et gourmande, activit\u00e9s bien-\u00eatre et moments de partage. Ici, tout est pens\u00e9 pour vous permettre de l\u00e2cher prise : vous n\u2019avez qu\u2019\u00e0 vous laisser porter, Jennifer s\u2019occupe de tout. Des ateliers de cuisine saine et gourmande Au c\u0153ur de ce s\u00e9jour culinaire bien-\u00eatre, la cuisine tient une place centrale. Les ateliers propos\u00e9s sont accessibles \u00e0 tous et mettent \u00e0 l\u2019honneur une alimentation vivante, \u00e9quilibr\u00e9e et savoureuse. Les participantes d\u00e9couvrent notamment le Vitaliseur de Marion, un outil de cuisson douce permettant de pr\u00e9server les nutriments et les saveurs des aliments. Les ateliers sont con\u00e7us comme de v\u00e9ritables moments de transmission et de convivialit\u00e9. Chacune peut exp\u00e9rimenter, poser ses questions et repartir avec des id\u00e9es concr\u00e8tes \u00e0 reproduire facilement au quotidien. Bien-\u00eatre, nature et activit\u00e9s douces Ce s\u00e9jour ne se limite pas \u00e0 la cuisine. Il s\u2019inscrit dans une d\u00e9marche globale de bien-\u00eatre, en harmonie avec la nature environnante de L\u2019\u00c9tang des Cigales. Des activit\u00e9s douces sont propos\u00e9es tout au long du s\u00e9jour, favorisant la d\u00e9tente du corps et de l\u2019esprit. Les participantes profitent \u00e9galement de balades en pleine nature, id\u00e9ales pour se ressourcer, respirer et se reconnecter \u00e0 l\u2019environnement proven\u00e7al. Ces temps calmes permettent de retrouver une \u00e9nergie plus sereine et durable. Un s\u00e9jour pour se recentrer et se faire du bien Ce s\u00e9jour culinaire et bien-\u00eatre en juin 2026 s\u2019adresse \u00e0 toutes celles qui ressentent le besoin de faire une pause, de prendre du temps pour elles et de se recentrer. Dans une ambiance bienveillante et chaleureuse, les \u00e9changes se font naturellement et cr\u00e9ent une dynamique de groupe enrichissante. Le cadre apaisant de L\u2019\u00c9tang des Cigales, alli\u00e9 \u00e0 l\u2019expertise et \u00e0 la douceur de Jennifer Martin, fait de ce s\u00e9jour une exp\u00e9rience compl\u00e8te, \u00e0 la fois nourrissante, inspirante et profond\u00e9ment ressour\u00e7ante. Informations pratiques et r\u00e9servation Dates : du 8 au 12 juin 2026Lieu : L\u2019\u00c9tang des Cigales &#8211; 865 Chemin du Cros 84100 Uchaux &#8211; VaucluseOrganisation : Des Papilles qui P\u00e9tillent \u2013 Jennifer Martin Les inscriptions sont ouvertes. La r\u00e9servation se fait directement en ligne :D\u00e9couvrir le s\u00e9jour et r\u00e9server en ligne R\u00e9servez en ligne ! Voir tous les articles<\/p>\n","protected":false},"author":1,"featured_media":1155,"comment_status":"closed","ping_status":"closed","sticky":false,"template":"","format":"standard","meta":{"footnotes":""},"categories":[1],"tags":[],"class_list":["post-1149","post","type-post","status-publish","format-standard","has-post-thumbnail","hentry","category-non-classe"],"yoast_head":"<!-- This site is optimized with the Yoast SEO plugin v27.5 - https:\/\/yoast.com\/product\/yoast-seo-wordpress\/ -->\n<title>8 au 12 juin - S\u00e9jour culinaire et bien-\u00eatre \u00e0 L\u2019\u00c9tang des Cigales - l&#039;\u00c9tang des Cigales<\/title>\n<meta name=\"description\" content=\"S\u00e9jour culinaire et bien-\u00eatre en Vaucluse du 8 au 12 juin 2026 : cuisine saine, nature et d\u00e9tente \u00e0 L\u2019\u00c9tang des Cigales.\" \/>\n<meta name=\"robots\" content=\"index, follow, max-snippet:-1, max-image-preview:large, max-video-preview:-1\" \/>\n<link rel=\"canonical\" href=\"https:\/\/letangdescigales.com\/?p=1149\" \/>\n<meta property=\"og:locale\" content=\"fr_FR\" \/>\n<meta property=\"og:type\" content=\"article\" \/>\n<meta property=\"og:title\" content=\"8 au 12 juin - S\u00e9jour culinaire et bien-\u00eatre \u00e0 L\u2019\u00c9tang des Cigales - l&#039;\u00c9tang des Cigales\" \/>\n<meta property=\"og:description\" content=\"S\u00e9jour culinaire et bien-\u00eatre en Vaucluse du 8 au 12 juin 2026 : cuisine saine, nature et d\u00e9tente \u00e0 L\u2019\u00c9tang des Cigales.\" \/>\n<meta property=\"og:url\" content=\"https:\/\/letangdescigales.com\/?p=1149\" \/>\n<meta property=\"og:site_name\" content=\"l&#039;\u00c9tang des Cigales\" \/>\n<meta property=\"article:publisher\" content=\"https:\/\/www.facebook.com\/profile.php?id=100064292554455\" \/>\n<meta property=\"article:published_time\" content=\"2025-06-08T07:00:23+00:00\" \/>\n<meta property=\"article:modified_time\" content=\"2026-02-18T11:34:23+00:00\" \/>\n<meta property=\"og:image\" content=\"https:\/\/letangdescigales.com\/wp-content\/uploads\/2026\/02\/8-12-juin-2026-sejour-bien-etre-entre-vaucluse-et-drome-provencale-l-etang-des-cigales-06.jpg\" \/>\n\t<meta property=\"og:image:width\" content=\"630\" \/>\n\t<meta property=\"og:image:height\" content=\"900\" \/>\n\t<meta property=\"og:image:type\" content=\"image\/jpeg\" \/>\n<meta name=\"author\" content=\"adminetang\" \/>\n<script type=\"application\/ld+json\" class=\"yoast-schema-graph\">{\"@context\":\"https:\\\/\\\/schema.org\",\"@graph\":[{\"@type\":\"Article\",\"@id\":\"https:\\\/\\\/letangdescigales.com\\\/?p=1149#article\",\"isPartOf\":{\"@id\":\"https:\\\/\\\/letangdescigales.com\\\/?p=1149\"},\"author\":{\"name\":\"adminetang\",\"@id\":\"https:\\\/\\\/letangdescigales.com\\\/#\\\/schema\\\/person\\\/cd611521cc342e98a9e58f13850c1b48\"},\"headline\":\"8 au 12 juin &#8211; S\u00e9jour culinaire et bien-\u00eatre \u00e0 L\u2019\u00c9tang des Cigales\",\"datePublished\":\"2025-06-08T07:00:23+00:00\",\"dateModified\":\"2026-02-18T11:34:23+00:00\",\"mainEntityOfPage\":{\"@id\":\"https:\\\/\\\/letangdescigales.com\\\/?p=1149\"},\"wordCount\":499,\"publisher\":{\"@id\":\"https:\\\/\\\/letangdescigales.com\\\/#organization\"},\"image\":{\"@id\":\"https:\\\/\\\/letangdescigales.com\\\/?p=1149#primaryimage\"},\"thumbnailUrl\":\"https:\\\/\\\/letangdescigales.com\\\/wp-content\\\/uploads\\\/2026\\\/02\\\/8-12-juin-2026-sejour-bien-etre-entre-vaucluse-et-drome-provencale-l-etang-des-cigales-06.jpg\",\"inLanguage\":\"fr-FR\"},{\"@type\":\"WebPage\",\"@id\":\"https:\\\/\\\/letangdescigales.com\\\/?p=1149\",\"url\":\"https:\\\/\\\/letangdescigales.com\\\/?p=1149\",\"name\":\"8 au 12 juin - S\u00e9jour culinaire et bien-\u00eatre \u00e0 L\u2019\u00c9tang des Cigales - l&#039;\u00c9tang des Cigales\",\"isPartOf\":{\"@id\":\"https:\\\/\\\/letangdescigales.com\\\/#website\"},\"primaryImageOfPage\":{\"@id\":\"https:\\\/\\\/letangdescigales.com\\\/?p=1149#primaryimage\"},\"image\":{\"@id\":\"https:\\\/\\\/letangdescigales.com\\\/?p=1149#primaryimage\"},\"thumbnailUrl\":\"https:\\\/\\\/letangdescigales.com\\\/wp-content\\\/uploads\\\/2026\\\/02\\\/8-12-juin-2026-sejour-bien-etre-entre-vaucluse-et-drome-provencale-l-etang-des-cigales-06.jpg\",\"datePublished\":\"2025-06-08T07:00:23+00:00\",\"dateModified\":\"2026-02-18T11:34:23+00:00\",\"description\":\"S\u00e9jour culinaire et bien-\u00eatre en Vaucluse du 8 au 12 juin 2026 : cuisine saine, nature et d\u00e9tente \u00e0 L\u2019\u00c9tang des Cigales.\",\"breadcrumb\":{\"@id\":\"https:\\\/\\\/letangdescigales.com\\\/?p=1149#breadcrumb\"},\"inLanguage\":\"fr-FR\",\"potentialAction\":[{\"@type\":\"ReadAction\",\"target\":[\"https:\\\/\\\/letangdescigales.com\\\/?p=1149\"]}]},{\"@type\":\"ImageObject\",\"inLanguage\":\"fr-FR\",\"@id\":\"https:\\\/\\\/letangdescigales.com\\\/?p=1149#primaryimage\",\"url\":\"https:\\\/\\\/letangdescigales.com\\\/wp-content\\\/uploads\\\/2026\\\/02\\\/8-12-juin-2026-sejour-bien-etre-entre-vaucluse-et-drome-provencale-l-etang-des-cigales-06.jpg\",\"contentUrl\":\"https:\\\/\\\/letangdescigales.com\\\/wp-content\\\/uploads\\\/2026\\\/02\\\/8-12-juin-2026-sejour-bien-etre-entre-vaucluse-et-drome-provencale-l-etang-des-cigales-06.jpg\",\"width\":630,\"height\":900,\"caption\":\"Du 8 au 12 juin : S\u00e9jour culinaire et bien-\u00eatre en pleine nature entre Vaucluse et Dr\u00f4me proven\u00e7ale\"},{\"@type\":\"BreadcrumbList\",\"@id\":\"https:\\\/\\\/letangdescigales.com\\\/?p=1149#breadcrumb\",\"itemListElement\":[{\"@type\":\"ListItem\",\"position\":1,\"name\":\"Accueil\",\"item\":\"https:\\\/\\\/letangdescigales.com\\\/\"},{\"@type\":\"ListItem\",\"position\":2,\"name\":\"8 au 12 juin &#8211; S\u00e9jour culinaire et bien-\u00eatre \u00e0 L\u2019\u00c9tang des Cigales\"}]},{\"@type\":\"WebSite\",\"@id\":\"https:\\\/\\\/letangdescigales.com\\\/#website\",\"url\":\"https:\\\/\\\/letangdescigales.com\\\/\",\"name\":\"L'\u00e9tang des cigales\",\"description\":\"Votre s\u00e9jour en g\u00eete \u00e0 Uchaux\",\"publisher\":{\"@id\":\"https:\\\/\\\/letangdescigales.com\\\/#organization\"},\"potentialAction\":[{\"@type\":\"SearchAction\",\"target\":{\"@type\":\"EntryPoint\",\"urlTemplate\":\"https:\\\/\\\/letangdescigales.com\\\/?s={search_term_string}\"},\"query-input\":{\"@type\":\"PropertyValueSpecification\",\"valueRequired\":true,\"valueName\":\"search_term_string\"}}],\"inLanguage\":\"fr-FR\"},{\"@type\":\"Organization\",\"@id\":\"https:\\\/\\\/letangdescigales.com\\\/#organization\",\"name\":\"L'\u00e9tang des cigales\",\"url\":\"https:\\\/\\\/letangdescigales.com\\\/\",\"logo\":{\"@type\":\"ImageObject\",\"inLanguage\":\"fr-FR\",\"@id\":\"https:\\\/\\\/letangdescigales.com\\\/#\\\/schema\\\/logo\\\/image\\\/\",\"url\":\"https:\\\/\\\/letangdescigales.com\\\/wp-content\\\/uploads\\\/2023\\\/04\\\/rond_couleur_etang_des_cigales.png\",\"contentUrl\":\"https:\\\/\\\/letangdescigales.com\\\/wp-content\\\/uploads\\\/2023\\\/04\\\/rond_couleur_etang_des_cigales.png\",\"width\":1150,\"height\":1218,\"caption\":\"L'\u00e9tang des cigales\"},\"image\":{\"@id\":\"https:\\\/\\\/letangdescigales.com\\\/#\\\/schema\\\/logo\\\/image\\\/\"},\"sameAs\":[\"https:\\\/\\\/www.facebook.com\\\/profile.php?id=100064292554455\"]},{\"@type\":\"Person\",\"@id\":\"https:\\\/\\\/letangdescigales.com\\\/#\\\/schema\\\/person\\\/cd611521cc342e98a9e58f13850c1b48\",\"name\":\"adminetang\",\"image\":{\"@type\":\"ImageObject\",\"inLanguage\":\"fr-FR\",\"@id\":\"https:\\\/\\\/secure.gravatar.com\\\/avatar\\\/e3c3992ae08857290f461f3850d547aeb822cfe932c795ec6b49b110eafae859?s=96&d=mm&r=g\",\"url\":\"https:\\\/\\\/secure.gravatar.com\\\/avatar\\\/e3c3992ae08857290f461f3850d547aeb822cfe932c795ec6b49b110eafae859?s=96&d=mm&r=g\",\"contentUrl\":\"https:\\\/\\\/secure.gravatar.com\\\/avatar\\\/e3c3992ae08857290f461f3850d547aeb822cfe932c795ec6b49b110eafae859?s=96&d=mm&r=g\",\"caption\":\"adminetang\"},\"sameAs\":[\"http:\\\/\\\/letangdescigales.com\"],\"url\":\"https:\\\/\\\/letangdescigales.com\\\/?author=1\"}]}<\/script>\n<!-- \/ Yoast SEO plugin. -->","yoast_head_json":{"title":"8 au 12 juin - S\u00e9jour culinaire et bien-\u00eatre \u00e0 L\u2019\u00c9tang des Cigales - l&#039;\u00c9tang des Cigales","description":"S\u00e9jour culinaire et bien-\u00eatre en Vaucluse du 8 au 12 juin 2026 : cuisine saine, nature et d\u00e9tente \u00e0 L\u2019\u00c9tang des Cigales.","robots":{"index":"index","follow":"follow","max-snippet":"max-snippet:-1","max-image-preview":"max-image-preview:large","max-video-preview":"max-video-preview:-1"},"canonical":"https:\/\/letangdescigales.com\/?p=1149","og_locale":"fr_FR","og_type":"article","og_title":"8 au 12 juin - S\u00e9jour culinaire et bien-\u00eatre \u00e0 L\u2019\u00c9tang des Cigales - l&#039;\u00c9tang des Cigales","og_description":"S\u00e9jour culinaire et bien-\u00eatre en Vaucluse du 8 au 12 juin 2026 : cuisine saine, nature et d\u00e9tente \u00e0 L\u2019\u00c9tang des Cigales.","og_url":"https:\/\/letangdescigales.com\/?p=1149","og_site_name":"l&#039;\u00c9tang des Cigales","article_publisher":"https:\/\/www.facebook.com\/profile.php?id=100064292554455","article_published_time":"2025-06-08T07:00:23+00:00","article_modified_time":"2026-02-18T11:34:23+00:00","og_image":[{"width":630,"height":900,"url":"https:\/\/letangdescigales.com\/wp-content\/uploads\/2026\/02\/8-12-juin-2026-sejour-bien-etre-entre-vaucluse-et-drome-provencale-l-etang-des-cigales-06.jpg","type":"image\/jpeg"}],"author":"adminetang","schema":{"@context":"https:\/\/schema.org","@graph":[{"@type":"Article","@id":"https:\/\/letangdescigales.com\/?p=1149#article","isPartOf":{"@id":"https:\/\/letangdescigales.com\/?p=1149"},"author":{"name":"adminetang","@id":"https:\/\/letangdescigales.com\/#\/schema\/person\/cd611521cc342e98a9e58f13850c1b48"},"headline":"8 au 12 juin &#8211; S\u00e9jour culinaire et bien-\u00eatre \u00e0 L\u2019\u00c9tang des Cigales","datePublished":"2025-06-08T07:00:23+00:00","dateModified":"2026-02-18T11:34:23+00:00","mainEntityOfPage":{"@id":"https:\/\/letangdescigales.com\/?p=1149"},"wordCount":499,"publisher":{"@id":"https:\/\/letangdescigales.com\/#organization"},"image":{"@id":"https:\/\/letangdescigales.com\/?p=1149#primaryimage"},"thumbnailUrl":"https:\/\/letangdescigales.com\/wp-content\/uploads\/2026\/02\/8-12-juin-2026-sejour-bien-etre-entre-vaucluse-et-drome-provencale-l-etang-des-cigales-06.jpg","inLanguage":"fr-FR"},{"@type":"WebPage","@id":"https:\/\/letangdescigales.com\/?p=1149","url":"https:\/\/letangdescigales.com\/?p=1149","name":"8 au 12 juin - S\u00e9jour culinaire et bien-\u00eatre \u00e0 L\u2019\u00c9tang des Cigales - l&#039;\u00c9tang des Cigales","isPartOf":{"@id":"https:\/\/letangdescigales.com\/#website"},"primaryImageOfPage":{"@id":"https:\/\/letangdescigales.com\/?p=1149#primaryimage"},"image":{"@id":"https:\/\/letangdescigales.com\/?p=1149#primaryimage"},"thumbnailUrl":"https:\/\/letangdescigales.com\/wp-content\/uploads\/2026\/02\/8-12-juin-2026-sejour-bien-etre-entre-vaucluse-et-drome-provencale-l-etang-des-cigales-06.jpg","datePublished":"2025-06-08T07:00:23+00:00","dateModified":"2026-02-18T11:34:23+00:00","description":"S\u00e9jour culinaire et bien-\u00eatre en Vaucluse du 8 au 12 juin 2026 : cuisine saine, nature et d\u00e9tente \u00e0 L\u2019\u00c9tang des Cigales.","breadcrumb":{"@id":"https:\/\/letangdescigales.com\/?p=1149#breadcrumb"},"inLanguage":"fr-FR","potentialAction":[{"@type":"ReadAction","target":["https:\/\/letangdescigales.com\/?p=1149"]}]},{"@type":"ImageObject","inLanguage":"fr-FR","@id":"https:\/\/letangdescigales.com\/?p=1149#primaryimage","url":"https:\/\/letangdescigales.com\/wp-content\/uploads\/2026\/02\/8-12-juin-2026-sejour-bien-etre-entre-vaucluse-et-drome-provencale-l-etang-des-cigales-06.jpg","contentUrl":"https:\/\/letangdescigales.com\/wp-content\/uploads\/2026\/02\/8-12-juin-2026-sejour-bien-etre-entre-vaucluse-et-drome-provencale-l-etang-des-cigales-06.jpg","width":630,"height":900,"caption":"Du 8 au 12 juin : S\u00e9jour culinaire et bien-\u00eatre en pleine nature entre Vaucluse et Dr\u00f4me proven\u00e7ale"},{"@type":"BreadcrumbList","@id":"https:\/\/letangdescigales.com\/?p=1149#breadcrumb","itemListElement":[{"@type":"ListItem","position":1,"name":"Accueil","item":"https:\/\/letangdescigales.com\/"},{"@type":"ListItem","position":2,"name":"8 au 12 juin &#8211; S\u00e9jour culinaire et bien-\u00eatre \u00e0 L\u2019\u00c9tang des Cigales"}]},{"@type":"WebSite","@id":"https:\/\/letangdescigales.com\/#website","url":"https:\/\/letangdescigales.com\/","name":"L'\u00e9tang des cigales","description":"Votre s\u00e9jour en g\u00eete \u00e0 Uchaux","publisher":{"@id":"https:\/\/letangdescigales.com\/#organization"},"potentialAction":[{"@type":"SearchAction","target":{"@type":"EntryPoint","urlTemplate":"https:\/\/letangdescigales.com\/?s={search_term_string}"},"query-input":{"@type":"PropertyValueSpecification","valueRequired":true,"valueName":"search_term_string"}}],"inLanguage":"fr-FR"},{"@type":"Organization","@id":"https:\/\/letangdescigales.com\/#organization","name":"L'\u00e9tang des cigales","url":"https:\/\/letangdescigales.com\/","logo":{"@type":"ImageObject","inLanguage":"fr-FR","@id":"https:\/\/letangdescigales.com\/#\/schema\/logo\/image\/","url":"https:\/\/letangdescigales.com\/wp-content\/uploads\/2023\/04\/rond_couleur_etang_des_cigales.png","contentUrl":"https:\/\/letangdescigales.com\/wp-content\/uploads\/2023\/04\/rond_couleur_etang_des_cigales.png","width":1150,"height":1218,"caption":"L'\u00e9tang des cigales"},"image":{"@id":"https:\/\/letangdescigales.com\/#\/schema\/logo\/image\/"},"sameAs":["https:\/\/www.facebook.com\/profile.php?id=100064292554455"]},{"@type":"Person","@id":"https:\/\/letangdescigales.com\/#\/schema\/person\/cd611521cc342e98a9e58f13850c1b48","name":"adminetang","image":{"@type":"ImageObject","inLanguage":"fr-FR","@id":"https:\/\/secure.gravatar.com\/avatar\/e3c3992ae08857290f461f3850d547aeb822cfe932c795ec6b49b110eafae859?s=96&d=mm&r=g","url":"https:\/\/secure.gravatar.com\/avatar\/e3c3992ae08857290f461f3850d547aeb822cfe932c795ec6b49b110eafae859?s=96&d=mm&r=g","contentUrl":"https:\/\/secure.gravatar.com\/avatar\/e3c3992ae08857290f461f3850d547aeb822cfe932c795ec6b49b110eafae859?s=96&d=mm&r=g","caption":"adminetang"},"sameAs":["http:\/\/letangdescigales.com"],"url":"https:\/\/letangdescigales.com\/?author=1"}]}},"_links":{"self":[{"href":"https:\/\/letangdescigales.com\/index.php?rest_route=\/wp\/v2\/posts\/1149","targetHints":{"allow":["GET"]}}],"collection":[{"href":"https:\/\/letangdescigales.com\/index.php?rest_route=\/wp\/v2\/posts"}],"about":[{"href":"https:\/\/letangdescigales.com\/index.php?rest_route=\/wp\/v2\/types\/post"}],"author":[{"embeddable":true,"href":"https:\/\/letangdescigales.com\/index.php?rest_route=\/wp\/v2\/users\/1"}],"replies":[{"embeddable":true,"href":"https:\/\/letangdescigales.com\/index.php?rest_route=%2Fwp%2Fv2%2Fcomments&post=1149"}],"version-history":[{"count":25,"href":"https:\/\/letangdescigales.com\/index.php?rest_route=\/wp\/v2\/posts\/1149\/revisions"}],"predecessor-version":[{"id":1181,"href":"https:\/\/letangdescigales.com\/index.php?rest_route=\/wp\/v2\/posts\/1149\/revisions\/1181"}],"wp:featuredmedia":[{"embeddable":true,"href":"https:\/\/letangdescigales.com\/index.php?rest_route=\/wp\/v2\/media\/1155"}],"wp:attachment":[{"href":"https:\/\/letangdescigales.com\/index.php?rest_route=%2Fwp%2Fv2%2Fmedia&parent=1149"}],"wp:term":[{"taxonomy":"category","embeddable":true,"href":"https:\/\/letangdescigales.com\/index.php?rest_route=%2Fwp%2Fv2%2Fcategories&post=1149"},{"taxonomy":"post_tag","embeddable":true,"href":"https:\/\/letangdescigales.com\/index.php?rest_route=%2Fwp%2Fv2%2Ftags&post=1149"}],"curies":[{"name":"wp","href":"https:\/\/api.w.org\/{rel}","templated":true}]}}