{"id":1128,"date":"2025-06-26T09:00:18","date_gmt":"2025-06-26T07:00:18","guid":{"rendered":"https:\/\/letangdescigales.com\/?p=1128"},"modified":"2026-02-18T12:34:46","modified_gmt":"2026-02-18T11:34:46","slug":"retraite-yoga-dete-en-provence-du-26-au-29-juin-letang-des-cigales","status":"publish","type":"post","link":"https:\/\/letangdescigales.com\/?p=1128","title":{"rendered":"26 au 29 juin &#8211; Retraite Yoga d\u2019\u00e9t\u00e9 en Provence : Accueillir la lumi\u00e8re"},"content":{"rendered":"\t\t<div data-elementor-type=\"wp-post\" data-elementor-id=\"1128\" class=\"elementor elementor-1128\">\n\t\t\t\t<div class=\"elementor-element elementor-element-f2f4f5c e-flex e-con-boxed wpr-particle-no wpr-jarallax-no wpr-parallax-no wpr-sticky-section-no wpr-equal-height-no e-con e-parent\" data-id=\"f2f4f5c\" data-element_type=\"container\" data-e-type=\"container\">\n\t\t\t\t\t<div class=\"e-con-inner\">\n\t\t\t\t<div class=\"elementor-element elementor-element-f89656f elementor-widget elementor-widget-page-title\" data-id=\"f89656f\" data-element_type=\"widget\" data-e-type=\"widget\" data-settings=\"{&quot;align&quot;:&quot;center&quot;}\" data-widget_type=\"page-title.default\">\n\t\t\t\t<div class=\"elementor-widget-container\">\n\t\t\t\t\t\t\t\n\t\t<div class=\"hfe-page-title hfe-page-title-wrapper elementor-widget-heading\">\n\n\t\t\t\t\t\t\t\t\t\t\t<a href=\"https:\/\/letangdescigales.com\">\n\t\t\t\t\t\t<h2 class=\"elementor-heading-title elementor-size-default\">\n\t\t\t\t\t\t\t\t\n\t\t\t\t26 au 29 juin &#8211; Retraite Yoga d\u2019\u00e9t\u00e9 en Provence : Accueillir la lumi\u00e8re  \n\t\t\t<\/h2 > \n\t\t\t\t\t\t\t\t\t<\/a>\n\t\t\t\t\t<\/div>\n\t\t\t\t\t\t<\/div>\n\t\t\t\t<\/div>\n\t\t\t\t<div class=\"elementor-element elementor-element-2fbcf15 elementor-widget elementor-widget-image\" data-id=\"2fbcf15\" data-element_type=\"widget\" data-e-type=\"widget\" data-widget_type=\"image.default\">\n\t\t\t\t<div class=\"elementor-widget-container\">\n\t\t\t\t\t\t\t\t\t\t\t\t\t\t\t\t<a href=\"https:\/\/letangdescigales.com\/wp-content\/uploads\/2026\/02\/etang-des-cigales-uchaux-stage-eve-de-l-epinois-mai-2026.jpg\" data-elementor-open-lightbox=\"yes\" data-elementor-lightbox-title=\"Programme du stage bien-\u00eatre \u00e0 L\u2019\u00c9tang des Cigales\" data-e-action-hash=\"#elementor-action%3Aaction%3Dlightbox%26settings%3DeyJpZCI6MTA5MSwidXJsIjoiaHR0cHM6XC9cL2xldGFuZ2Rlc2NpZ2FsZXMuY29tXC93cC1jb250ZW50XC91cGxvYWRzXC8yMDI2XC8wMlwvZXRhbmctZGVzLWNpZ2FsZXMtdWNoYXV4LXN0YWdlLWV2ZS1kZS1sLWVwaW5vaXMtbWFpLTIwMjYuanBnIn0%3D\">\n\t\t\t\t\t\t\t<img fetchpriority=\"high\" decoding=\"async\" width=\"212\" height=\"300\" src=\"https:\/\/letangdescigales.com\/wp-content\/uploads\/2026\/02\/etang-des-cigales-uchaux-stage-eve-de-l-epinois-mai-2026-212x300.jpg\" class=\"attachment-medium size-medium wp-image-1091\" alt=\"Programme du stage bien-\u00eatre l\u2019esprit libre corps l\u00e9ger \u00e0 l\u2019\u00e9tang des cigales uchaux\" srcset=\"https:\/\/letangdescigales.com\/wp-content\/uploads\/2026\/02\/etang-des-cigales-uchaux-stage-eve-de-l-epinois-mai-2026-212x300.jpg 212w, https:\/\/letangdescigales.com\/wp-content\/uploads\/2026\/02\/etang-des-cigales-uchaux-stage-eve-de-l-epinois-mai-2026.jpg 636w\" sizes=\"(max-width: 212px) 100vw, 212px\" \/>\t\t\t\t\t\t\t\t<\/a>\n\t\t\t\t\t\t\t\t\t\t\t\t\t\t\t<\/div>\n\t\t\t\t<\/div>\n\t\t\t\t<div class=\"elementor-element elementor-element-115cb31 elementor-widget__width-initial elementor-widget elementor-widget-text-editor\" data-id=\"115cb31\" data-element_type=\"widget\" data-e-type=\"widget\" data-widget_type=\"text-editor.default\">\n\t\t\t\t<div class=\"elementor-widget-container\">\n\t\t\t\t\t\t\t\t\t<p>Du <strong>26 au 29 juin<\/strong>, <strong>L\u2019\u00c9tang des Cigales<\/strong> accueille une retraite yoga immersive en Provence, pens\u00e9e comme une v\u00e9ritable invitation \u00e0 <strong>accueillir l\u2019\u00e9t\u00e9<\/strong>, \u00e0 ralentir et \u00e0 rayonner pleinement. Ce s\u00e9jour unique m\u00eale yoga, m\u00e9ditation, nature, joie et moments de partage, dans un cadre naturel d\u2019exception.<\/p><h2>Une retraite yoga au rythme de l\u2019\u00e9t\u00e9 proven\u00e7al<\/h2><p>Cette retraite yoga d\u2019\u00e9t\u00e9 en Provence s\u2019inscrit dans un moment cl\u00e9 de l\u2019ann\u00e9e : le solstice, lorsque la lumi\u00e8re atteint son apog\u00e9e. \u00c0 travers des pratiques conscientes et accessibles, chaque participant est invit\u00e9 \u00e0 se reconnecter \u00e0 son corps, \u00e0 son souffle et \u00e0 sa lumi\u00e8re int\u00e9rieure.<\/p><h2>Vendredi 26 juin \u2013 Ouverture et ancrage<\/h2><p>L\u2019accueil des participants d\u00e9bute \u00e0 partir de 16h, avec un temps libre pour s\u2019installer, d\u00e9couvrir les lieux et partager un premier moment convivial autour de boissons d\u2019accueil.<\/p><p>\u00c0 18h, le cercle d\u2019ouverture marque le d\u00e9but de la retraite : pr\u00e9sentations, intentions et m\u00e9ditation guid\u00e9e \u00ab Ouvrir l\u2019espace int\u00e9rieur \u00bb. La soir\u00e9e se poursuit avec une s\u00e9ance de <strong>Yin Yoga Nidra<\/strong>, favorisant l\u2019enracinement et le rel\u00e2chement des tensions li\u00e9es au voyage.<\/p><p>Le d\u00eener est servi sous les pins, dans une ambiance chaleureuse, berc\u00e9e par la lumi\u00e8re du cr\u00e9puscule proven\u00e7al.<\/p><h2>Samedi 27 juin \u2013 Expansion et joie<\/h2><p>La journ\u00e9e commence par une pratique matinale de <strong>Hatha Yoga et Pranayama<\/strong>, id\u00e9ale pour \u00e9veiller le corps et clarifier le mental. Le petit-d\u00e9jeuner est ensuite partag\u00e9 en terrasse, sous les pins.<\/p><p>La matin\u00e9e se poursuit par un temps libre, avec la possibilit\u00e9 de massages ou de balades \u00e0 cheval. \u00c0 midi, une s\u00e9ance de Hatha Yoga permet de lib\u00e9rer les tensions, stimuler l\u2019\u00e9nergie solaire et cultiver la joie.<\/p><p>L\u2019apr\u00e8s-midi est consacr\u00e9 au repos et \u00e0 la douceur : sieste, lecture, baignade ou initiation au yoga dans l\u2019eau, favorisant fluidit\u00e9 et l\u00e2cher-prise.<\/p><p>En fin de journ\u00e9e, une d\u00e9gustation de vins au milieu des vignes est pr\u00e9c\u00e9d\u00e9e d\u2019une marche en conscience. Le coucher du soleil accueille ensuite un moment joyeux m\u00ealant <strong>yoga du rire<\/strong> et <strong>Yin Yoga<\/strong>, avant un d\u00eener proven\u00e7al et une soir\u00e9e d\u2019\u00e9t\u00e9 sous le signe de la danse intuitive et du partage.<\/p><h2>Dimanche 28 juin \u2013 Incarner sa lumi\u00e8re int\u00e9rieure<\/h2><p>Le dimanche matin d\u00e9bute par une pratique de Hatha Yoga ax\u00e9e sur l\u2019ouverture du c\u0153ur et du plexus solaire, incluant une Salutation au Soleil (108 r\u00e9p\u00e9titions).<\/p><p>Apr\u00e8s le petit-d\u00e9jeuner, chacun profite d\u2019un temps libre avant une s\u00e9ance de <strong>Yoga Partner<\/strong>, favorisant confiance et connexion.<\/p><p>L\u2019apr\u00e8s-midi invite \u00e0 la d\u00e9tente ou \u00e0 une initiation au yoga dans l\u2019eau, avant une balade m\u00e9ditative et l\u2019exploration des ruines d\u2019un ch\u00e2teau m\u00e9di\u00e9val. Cette marche consciente est ponctu\u00e9e d\u2019une pratique de yoga dans un lieu insolite.<\/p><p>La journ\u00e9e se conclut par un <strong>Yin Yoga &amp; Nidra<\/strong> au coucher du soleil, en lien avec les m\u00e9ridiens de l\u2019\u00e9t\u00e9 (c\u0153ur et intestin gr\u00eale), suivi d\u2019un d\u00eener et d\u2019une soir\u00e9e autour du yoga, du chanting (108 OM) et de tirages d\u2019oracle.<\/p><h2>Lundi 29 juin \u2013 Int\u00e9gration et rayonnement<\/h2><p>La derni\u00e8re matin\u00e9e est consacr\u00e9e \u00e0 une pratique compl\u00e8te de Hatha Yoga et Pranayama, suivie d\u2019un petit-d\u00e9jeuner paisible.<\/p><p>Un temps libre permet ensuite une m\u00e9ditation ou une marche m\u00e9ditative en autonomie, favorisant l\u2019int\u00e9gration des exp\u00e9riences v\u00e9cues durant le s\u00e9jour.<\/p><p>Le cercle de cl\u00f4ture a lieu en fin de matin\u00e9e, avant un dernier d\u00e9jeuner sous les pins. Les d\u00e9parts sont pr\u00e9vus \u00e0 partir de 14h30, avec la possibilit\u00e9 de prolonger le s\u00e9jour au bord de la piscine.<\/p><h2>Informations pratiques<\/h2><p>Les massages et balades \u00e0 cheval sont propos\u00e9s sur r\u00e9servation \u00e0 l\u2019arriv\u00e9e. Il est \u00e9galement possible d\u2019arriver un jour plus t\u00f4t ou de repartir un jour apr\u00e8s (nuit + demi-pension : 100 \u20ac).<\/p><p>Cette retraite yoga en Provence est une invitation \u00e0 ralentir, \u00e0 se reconnecter \u00e0 l\u2019essentiel et \u00e0 c\u00e9l\u00e9brer pleinement l\u2019\u00e9nergie de l\u2019\u00e9t\u00e9, dans un cadre naturel et inspirant.<\/p>\t\t\t\t\t\t\t\t<\/div>\n\t\t\t\t<\/div>\n\t\t\t\t<div class=\"elementor-element elementor-element-1014f9b elementor-align-center elementor-widget elementor-widget-button\" data-id=\"1014f9b\" data-element_type=\"widget\" data-e-type=\"widget\" data-widget_type=\"button.default\">\n\t\t\t\t<div class=\"elementor-widget-container\">\n\t\t\t\t\t\t\t\t\t<div class=\"elementor-button-wrapper\">\n\t\t\t\t\t<a class=\"elementor-button elementor-button-link elementor-size-sm\" href=\"https:\/\/letangdescigales.com\/wp-content\/uploads\/2026\/02\/Retraite-yoga-Planning-26-29-juin.pdf\" target=\"_blank\">\n\t\t\t\t\t\t<span class=\"elementor-button-content-wrapper\">\n\t\t\t\t\t\t<span class=\"elementor-button-icon\">\n\t\t\t\t<svg aria-hidden=\"true\" class=\"e-font-icon-svg e-far-map\" viewBox=\"0 0 576 512\" xmlns=\"http:\/\/www.w3.org\/2000\/svg\"><path d=\"M560.02 32c-1.96 0-3.98.37-5.96 1.16L384.01 96H384L212 35.28A64.252 64.252 0 0 0 191.76 32c-6.69 0-13.37 1.05-19.81 3.14L20.12 87.95A32.006 32.006 0 0 0 0 117.66v346.32C0 473.17 7.53 480 15.99 480c1.96 0 3.97-.37 5.96-1.16L192 416l172 60.71a63.98 63.98 0 0 0 40.05.15l151.83-52.81A31.996 31.996 0 0 0 576 394.34V48.02c0-9.19-7.53-16.02-15.98-16.02zM224 90.42l128 45.19v285.97l-128-45.19V90.42zM48 418.05V129.07l128-44.53v286.2l-.64.23L48 418.05zm480-35.13l-128 44.53V141.26l.64-.24L528 93.95v288.97z\"><\/path><\/svg>\t\t\t<\/span>\n\t\t\t\t\t\t\t\t\t<span class=\"elementor-button-text\">Voir le programme<\/span>\n\t\t\t\t\t<\/span>\n\t\t\t\t\t<\/a>\n\t\t\t\t<\/div>\n\t\t\t\t\t\t\t\t<\/div>\n\t\t\t\t<\/div>\n\t\t\t\t<div class=\"elementor-element elementor-element-aaa0c84 elementor-align-center elementor-widget elementor-widget-button\" data-id=\"aaa0c84\" data-element_type=\"widget\" data-e-type=\"widget\" data-widget_type=\"button.default\">\n\t\t\t\t<div class=\"elementor-widget-container\">\n\t\t\t\t\t\t\t\t\t<div class=\"elementor-button-wrapper\">\n\t\t\t\t\t<a class=\"elementor-button elementor-button-link elementor-size-sm\" href=\"https:\/\/letangdescigales.com\/?p=1022\">\n\t\t\t\t\t\t<span class=\"elementor-button-content-wrapper\">\n\t\t\t\t\t\t<span class=\"elementor-button-icon\">\n\t\t\t\t<i aria-hidden=\"true\" class=\"icon icon-list1\"><\/i>\t\t\t<\/span>\n\t\t\t\t\t\t\t\t\t<span class=\"elementor-button-text\">Voir tous les \u00e9v\u00e9nements<\/span>\n\t\t\t\t\t<\/span>\n\t\t\t\t\t<\/a>\n\t\t\t\t<\/div>\n\t\t\t\t\t\t\t\t<\/div>\n\t\t\t\t<\/div>\n\t\t\t\t\t<\/div>\n\t\t\t\t<\/div>\n\t\t\t\t<\/div>\n\t\t","protected":false},"excerpt":{"rendered":"<p>26 au 29 juin &#8211; Retraite Yoga d\u2019\u00e9t\u00e9 en Provence : Accueillir la lumi\u00e8re Du 26 au 29 juin, L\u2019\u00c9tang des Cigales accueille une retraite yoga immersive en Provence, pens\u00e9e comme une v\u00e9ritable invitation \u00e0 accueillir l\u2019\u00e9t\u00e9, \u00e0 ralentir et \u00e0 rayonner pleinement. Ce s\u00e9jour unique m\u00eale yoga, m\u00e9ditation, nature, joie et moments de partage, dans un cadre naturel d\u2019exception. Une retraite yoga au rythme de l\u2019\u00e9t\u00e9 proven\u00e7al Cette retraite yoga d\u2019\u00e9t\u00e9 en Provence s\u2019inscrit dans un moment cl\u00e9 de l\u2019ann\u00e9e : le solstice, lorsque la lumi\u00e8re atteint son apog\u00e9e. \u00c0 travers des pratiques conscientes et accessibles, chaque participant est invit\u00e9 \u00e0 se reconnecter \u00e0 son corps, \u00e0 son souffle et \u00e0 sa lumi\u00e8re int\u00e9rieure. Vendredi 26 juin \u2013 Ouverture et ancrage L\u2019accueil des participants d\u00e9bute \u00e0 partir de 16h, avec un temps libre pour s\u2019installer, d\u00e9couvrir les lieux et partager un premier moment convivial autour de boissons d\u2019accueil. \u00c0 18h, le cercle d\u2019ouverture marque le d\u00e9but de la retraite : pr\u00e9sentations, intentions et m\u00e9ditation guid\u00e9e \u00ab Ouvrir l\u2019espace int\u00e9rieur \u00bb. La soir\u00e9e se poursuit avec une s\u00e9ance de Yin Yoga Nidra, favorisant l\u2019enracinement et le rel\u00e2chement des tensions li\u00e9es au voyage. Le d\u00eener est servi sous les pins, dans une ambiance chaleureuse, berc\u00e9e par la lumi\u00e8re du cr\u00e9puscule proven\u00e7al. Samedi 27 juin \u2013 Expansion et joie La journ\u00e9e commence par une pratique matinale de Hatha Yoga et Pranayama, id\u00e9ale pour \u00e9veiller le corps et clarifier le mental. Le petit-d\u00e9jeuner est ensuite partag\u00e9 en terrasse, sous les pins. La matin\u00e9e se poursuit par un temps libre, avec la possibilit\u00e9 de massages ou de balades \u00e0 cheval. \u00c0 midi, une s\u00e9ance de Hatha Yoga permet de lib\u00e9rer les tensions, stimuler l\u2019\u00e9nergie solaire et cultiver la joie. L\u2019apr\u00e8s-midi est consacr\u00e9 au repos et \u00e0 la douceur : sieste, lecture, baignade ou initiation au yoga dans l\u2019eau, favorisant fluidit\u00e9 et l\u00e2cher-prise. En fin de journ\u00e9e, une d\u00e9gustation de vins au milieu des vignes est pr\u00e9c\u00e9d\u00e9e d\u2019une marche en conscience. Le coucher du soleil accueille ensuite un moment joyeux m\u00ealant yoga du rire et Yin Yoga, avant un d\u00eener proven\u00e7al et une soir\u00e9e d\u2019\u00e9t\u00e9 sous le signe de la danse intuitive et du partage. Dimanche 28 juin \u2013 Incarner sa lumi\u00e8re int\u00e9rieure Le dimanche matin d\u00e9bute par une pratique de Hatha Yoga ax\u00e9e sur l\u2019ouverture du c\u0153ur et du plexus solaire, incluant une Salutation au Soleil (108 r\u00e9p\u00e9titions). Apr\u00e8s le petit-d\u00e9jeuner, chacun profite d\u2019un temps libre avant une s\u00e9ance de Yoga Partner, favorisant confiance et connexion. L\u2019apr\u00e8s-midi invite \u00e0 la d\u00e9tente ou \u00e0 une initiation au yoga dans l\u2019eau, avant une balade m\u00e9ditative et l\u2019exploration des ruines d\u2019un ch\u00e2teau m\u00e9di\u00e9val. Cette marche consciente est ponctu\u00e9e d\u2019une pratique de yoga dans un lieu insolite. La journ\u00e9e se conclut par un Yin Yoga &amp; Nidra au coucher du soleil, en lien avec les m\u00e9ridiens de l\u2019\u00e9t\u00e9 (c\u0153ur et intestin gr\u00eale), suivi d\u2019un d\u00eener et d\u2019une soir\u00e9e autour du yoga, du chanting (108 OM) et de tirages d\u2019oracle. Lundi 29 juin \u2013 Int\u00e9gration et rayonnement La derni\u00e8re matin\u00e9e est consacr\u00e9e \u00e0 une pratique compl\u00e8te de Hatha Yoga et Pranayama, suivie d\u2019un petit-d\u00e9jeuner paisible. Un temps libre permet ensuite une m\u00e9ditation ou une marche m\u00e9ditative en autonomie, favorisant l\u2019int\u00e9gration des exp\u00e9riences v\u00e9cues durant le s\u00e9jour. Le cercle de cl\u00f4ture a lieu en fin de matin\u00e9e, avant un dernier d\u00e9jeuner sous les pins. Les d\u00e9parts sont pr\u00e9vus \u00e0 partir de 14h30, avec la possibilit\u00e9 de prolonger le s\u00e9jour au bord de la piscine. Informations pratiques Les massages et balades \u00e0 cheval sont propos\u00e9s sur r\u00e9servation \u00e0 l\u2019arriv\u00e9e. Il est \u00e9galement possible d\u2019arriver un jour plus t\u00f4t ou de repartir un jour apr\u00e8s (nuit + demi-pension : 100 \u20ac). Cette retraite yoga en Provence est une invitation \u00e0 ralentir, \u00e0 se reconnecter \u00e0 l\u2019essentiel et \u00e0 c\u00e9l\u00e9brer pleinement l\u2019\u00e9nergie de l\u2019\u00e9t\u00e9, dans un cadre naturel et inspirant. Voir le programme Voir tous les \u00e9v\u00e9nements<\/p>\n","protected":false},"author":1,"featured_media":1182,"comment_status":"closed","ping_status":"closed","sticky":false,"template":"","format":"standard","meta":{"footnotes":""},"categories":[1],"tags":[],"class_list":["post-1128","post","type-post","status-publish","format-standard","has-post-thumbnail","hentry","category-non-classe"],"yoast_head":"<!-- This site is optimized with the Yoast SEO plugin v27.5 - https:\/\/yoast.com\/product\/yoast-seo-wordpress\/ -->\n<title>26 au 29 juin - Retraite Yoga d\u2019\u00e9t\u00e9 en Provence : Accueillir la lumi\u00e8re - l&#039;\u00c9tang des Cigales<\/title>\n<meta name=\"description\" content=\"Retraite yoga d\u2019\u00e9t\u00e9 en Provence du 26 au 29 juin : yoga, m\u00e9ditation, nature et joie dans un cadre exceptionnel.\" \/>\n<meta name=\"robots\" content=\"index, follow, max-snippet:-1, max-image-preview:large, max-video-preview:-1\" \/>\n<link rel=\"canonical\" href=\"https:\/\/letangdescigales.com\/?p=1128\" \/>\n<meta property=\"og:locale\" content=\"fr_FR\" \/>\n<meta property=\"og:type\" content=\"article\" \/>\n<meta property=\"og:title\" content=\"26 au 29 juin - Retraite Yoga d\u2019\u00e9t\u00e9 en Provence : Accueillir la lumi\u00e8re - l&#039;\u00c9tang des Cigales\" \/>\n<meta property=\"og:description\" content=\"Retraite yoga d\u2019\u00e9t\u00e9 en Provence du 26 au 29 juin : yoga, m\u00e9ditation, nature et joie dans un cadre exceptionnel.\" \/>\n<meta property=\"og:url\" content=\"https:\/\/letangdescigales.com\/?p=1128\" \/>\n<meta property=\"og:site_name\" content=\"l&#039;\u00c9tang des Cigales\" \/>\n<meta property=\"article:publisher\" content=\"https:\/\/www.facebook.com\/profile.php?id=100064292554455\" \/>\n<meta property=\"article:published_time\" content=\"2025-06-26T07:00:18+00:00\" \/>\n<meta property=\"article:modified_time\" content=\"2026-02-18T11:34:46+00:00\" \/>\n<meta property=\"og:image\" content=\"https:\/\/letangdescigales.com\/wp-content\/uploads\/2026\/02\/Retraite-yoga-Planning-26-29-juin.jpg\" \/>\n\t<meta property=\"og:image:width\" content=\"411\" \/>\n\t<meta property=\"og:image:height\" content=\"412\" \/>\n\t<meta property=\"og:image:type\" content=\"image\/jpeg\" \/>\n<meta name=\"author\" content=\"adminetang\" \/>\n<script type=\"application\/ld+json\" class=\"yoast-schema-graph\">{\"@context\":\"https:\\\/\\\/schema.org\",\"@graph\":[{\"@type\":\"Article\",\"@id\":\"https:\\\/\\\/letangdescigales.com\\\/?p=1128#article\",\"isPartOf\":{\"@id\":\"https:\\\/\\\/letangdescigales.com\\\/?p=1128\"},\"author\":{\"name\":\"adminetang\",\"@id\":\"https:\\\/\\\/letangdescigales.com\\\/#\\\/schema\\\/person\\\/cd611521cc342e98a9e58f13850c1b48\"},\"headline\":\"26 au 29 juin &#8211; Retraite Yoga d\u2019\u00e9t\u00e9 en Provence : Accueillir la lumi\u00e8re\",\"datePublished\":\"2025-06-26T07:00:18+00:00\",\"dateModified\":\"2026-02-18T11:34:46+00:00\",\"mainEntityOfPage\":{\"@id\":\"https:\\\/\\\/letangdescigales.com\\\/?p=1128\"},\"wordCount\":740,\"publisher\":{\"@id\":\"https:\\\/\\\/letangdescigales.com\\\/#organization\"},\"image\":{\"@id\":\"https:\\\/\\\/letangdescigales.com\\\/?p=1128#primaryimage\"},\"thumbnailUrl\":\"https:\\\/\\\/letangdescigales.com\\\/wp-content\\\/uploads\\\/2026\\\/02\\\/Retraite-yoga-Planning-26-29-juin.jpg\",\"inLanguage\":\"fr-FR\"},{\"@type\":\"WebPage\",\"@id\":\"https:\\\/\\\/letangdescigales.com\\\/?p=1128\",\"url\":\"https:\\\/\\\/letangdescigales.com\\\/?p=1128\",\"name\":\"26 au 29 juin - Retraite Yoga d\u2019\u00e9t\u00e9 en Provence : Accueillir la lumi\u00e8re - l&#039;\u00c9tang des Cigales\",\"isPartOf\":{\"@id\":\"https:\\\/\\\/letangdescigales.com\\\/#website\"},\"primaryImageOfPage\":{\"@id\":\"https:\\\/\\\/letangdescigales.com\\\/?p=1128#primaryimage\"},\"image\":{\"@id\":\"https:\\\/\\\/letangdescigales.com\\\/?p=1128#primaryimage\"},\"thumbnailUrl\":\"https:\\\/\\\/letangdescigales.com\\\/wp-content\\\/uploads\\\/2026\\\/02\\\/Retraite-yoga-Planning-26-29-juin.jpg\",\"datePublished\":\"2025-06-26T07:00:18+00:00\",\"dateModified\":\"2026-02-18T11:34:46+00:00\",\"description\":\"Retraite yoga d\u2019\u00e9t\u00e9 en Provence du 26 au 29 juin : yoga, m\u00e9ditation, nature et joie dans un cadre exceptionnel.\",\"breadcrumb\":{\"@id\":\"https:\\\/\\\/letangdescigales.com\\\/?p=1128#breadcrumb\"},\"inLanguage\":\"fr-FR\",\"potentialAction\":[{\"@type\":\"ReadAction\",\"target\":[\"https:\\\/\\\/letangdescigales.com\\\/?p=1128\"]}]},{\"@type\":\"ImageObject\",\"inLanguage\":\"fr-FR\",\"@id\":\"https:\\\/\\\/letangdescigales.com\\\/?p=1128#primaryimage\",\"url\":\"https:\\\/\\\/letangdescigales.com\\\/wp-content\\\/uploads\\\/2026\\\/02\\\/Retraite-yoga-Planning-26-29-juin.jpg\",\"contentUrl\":\"https:\\\/\\\/letangdescigales.com\\\/wp-content\\\/uploads\\\/2026\\\/02\\\/Retraite-yoga-Planning-26-29-juin.jpg\",\"width\":411,\"height\":412,\"caption\":\"Retraite yoga en pleine nature \u00e0 L\u2019\u00c9tang des Cigales\"},{\"@type\":\"BreadcrumbList\",\"@id\":\"https:\\\/\\\/letangdescigales.com\\\/?p=1128#breadcrumb\",\"itemListElement\":[{\"@type\":\"ListItem\",\"position\":1,\"name\":\"Accueil\",\"item\":\"https:\\\/\\\/letangdescigales.com\\\/\"},{\"@type\":\"ListItem\",\"position\":2,\"name\":\"26 au 29 juin &#8211; Retraite Yoga d\u2019\u00e9t\u00e9 en Provence : Accueillir la lumi\u00e8re\"}]},{\"@type\":\"WebSite\",\"@id\":\"https:\\\/\\\/letangdescigales.com\\\/#website\",\"url\":\"https:\\\/\\\/letangdescigales.com\\\/\",\"name\":\"L'\u00e9tang des cigales\",\"description\":\"Votre s\u00e9jour en g\u00eete \u00e0 Uchaux\",\"publisher\":{\"@id\":\"https:\\\/\\\/letangdescigales.com\\\/#organization\"},\"potentialAction\":[{\"@type\":\"SearchAction\",\"target\":{\"@type\":\"EntryPoint\",\"urlTemplate\":\"https:\\\/\\\/letangdescigales.com\\\/?s={search_term_string}\"},\"query-input\":{\"@type\":\"PropertyValueSpecification\",\"valueRequired\":true,\"valueName\":\"search_term_string\"}}],\"inLanguage\":\"fr-FR\"},{\"@type\":\"Organization\",\"@id\":\"https:\\\/\\\/letangdescigales.com\\\/#organization\",\"name\":\"L'\u00e9tang des cigales\",\"url\":\"https:\\\/\\\/letangdescigales.com\\\/\",\"logo\":{\"@type\":\"ImageObject\",\"inLanguage\":\"fr-FR\",\"@id\":\"https:\\\/\\\/letangdescigales.com\\\/#\\\/schema\\\/logo\\\/image\\\/\",\"url\":\"https:\\\/\\\/letangdescigales.com\\\/wp-content\\\/uploads\\\/2023\\\/04\\\/rond_couleur_etang_des_cigales.png\",\"contentUrl\":\"https:\\\/\\\/letangdescigales.com\\\/wp-content\\\/uploads\\\/2023\\\/04\\\/rond_couleur_etang_des_cigales.png\",\"width\":1150,\"height\":1218,\"caption\":\"L'\u00e9tang des cigales\"},\"image\":{\"@id\":\"https:\\\/\\\/letangdescigales.com\\\/#\\\/schema\\\/logo\\\/image\\\/\"},\"sameAs\":[\"https:\\\/\\\/www.facebook.com\\\/profile.php?id=100064292554455\"]},{\"@type\":\"Person\",\"@id\":\"https:\\\/\\\/letangdescigales.com\\\/#\\\/schema\\\/person\\\/cd611521cc342e98a9e58f13850c1b48\",\"name\":\"adminetang\",\"image\":{\"@type\":\"ImageObject\",\"inLanguage\":\"fr-FR\",\"@id\":\"https:\\\/\\\/secure.gravatar.com\\\/avatar\\\/e3c3992ae08857290f461f3850d547aeb822cfe932c795ec6b49b110eafae859?s=96&d=mm&r=g\",\"url\":\"https:\\\/\\\/secure.gravatar.com\\\/avatar\\\/e3c3992ae08857290f461f3850d547aeb822cfe932c795ec6b49b110eafae859?s=96&d=mm&r=g\",\"contentUrl\":\"https:\\\/\\\/secure.gravatar.com\\\/avatar\\\/e3c3992ae08857290f461f3850d547aeb822cfe932c795ec6b49b110eafae859?s=96&d=mm&r=g\",\"caption\":\"adminetang\"},\"sameAs\":[\"http:\\\/\\\/letangdescigales.com\"],\"url\":\"https:\\\/\\\/letangdescigales.com\\\/?author=1\"}]}<\/script>\n<!-- \/ Yoast SEO plugin. -->","yoast_head_json":{"title":"26 au 29 juin - Retraite Yoga d\u2019\u00e9t\u00e9 en Provence : Accueillir la lumi\u00e8re - l&#039;\u00c9tang des Cigales","description":"Retraite yoga d\u2019\u00e9t\u00e9 en Provence du 26 au 29 juin : yoga, m\u00e9ditation, nature et joie dans un cadre exceptionnel.","robots":{"index":"index","follow":"follow","max-snippet":"max-snippet:-1","max-image-preview":"max-image-preview:large","max-video-preview":"max-video-preview:-1"},"canonical":"https:\/\/letangdescigales.com\/?p=1128","og_locale":"fr_FR","og_type":"article","og_title":"26 au 29 juin - Retraite Yoga d\u2019\u00e9t\u00e9 en Provence : Accueillir la lumi\u00e8re - l&#039;\u00c9tang des Cigales","og_description":"Retraite yoga d\u2019\u00e9t\u00e9 en Provence du 26 au 29 juin : yoga, m\u00e9ditation, nature et joie dans un cadre exceptionnel.","og_url":"https:\/\/letangdescigales.com\/?p=1128","og_site_name":"l&#039;\u00c9tang des Cigales","article_publisher":"https:\/\/www.facebook.com\/profile.php?id=100064292554455","article_published_time":"2025-06-26T07:00:18+00:00","article_modified_time":"2026-02-18T11:34:46+00:00","og_image":[{"width":411,"height":412,"url":"https:\/\/letangdescigales.com\/wp-content\/uploads\/2026\/02\/Retraite-yoga-Planning-26-29-juin.jpg","type":"image\/jpeg"}],"author":"adminetang","schema":{"@context":"https:\/\/schema.org","@graph":[{"@type":"Article","@id":"https:\/\/letangdescigales.com\/?p=1128#article","isPartOf":{"@id":"https:\/\/letangdescigales.com\/?p=1128"},"author":{"name":"adminetang","@id":"https:\/\/letangdescigales.com\/#\/schema\/person\/cd611521cc342e98a9e58f13850c1b48"},"headline":"26 au 29 juin &#8211; Retraite Yoga d\u2019\u00e9t\u00e9 en Provence : Accueillir la lumi\u00e8re","datePublished":"2025-06-26T07:00:18+00:00","dateModified":"2026-02-18T11:34:46+00:00","mainEntityOfPage":{"@id":"https:\/\/letangdescigales.com\/?p=1128"},"wordCount":740,"publisher":{"@id":"https:\/\/letangdescigales.com\/#organization"},"image":{"@id":"https:\/\/letangdescigales.com\/?p=1128#primaryimage"},"thumbnailUrl":"https:\/\/letangdescigales.com\/wp-content\/uploads\/2026\/02\/Retraite-yoga-Planning-26-29-juin.jpg","inLanguage":"fr-FR"},{"@type":"WebPage","@id":"https:\/\/letangdescigales.com\/?p=1128","url":"https:\/\/letangdescigales.com\/?p=1128","name":"26 au 29 juin - Retraite Yoga d\u2019\u00e9t\u00e9 en Provence : Accueillir la lumi\u00e8re - l&#039;\u00c9tang des Cigales","isPartOf":{"@id":"https:\/\/letangdescigales.com\/#website"},"primaryImageOfPage":{"@id":"https:\/\/letangdescigales.com\/?p=1128#primaryimage"},"image":{"@id":"https:\/\/letangdescigales.com\/?p=1128#primaryimage"},"thumbnailUrl":"https:\/\/letangdescigales.com\/wp-content\/uploads\/2026\/02\/Retraite-yoga-Planning-26-29-juin.jpg","datePublished":"2025-06-26T07:00:18+00:00","dateModified":"2026-02-18T11:34:46+00:00","description":"Retraite yoga d\u2019\u00e9t\u00e9 en Provence du 26 au 29 juin : yoga, m\u00e9ditation, nature et joie dans un cadre exceptionnel.","breadcrumb":{"@id":"https:\/\/letangdescigales.com\/?p=1128#breadcrumb"},"inLanguage":"fr-FR","potentialAction":[{"@type":"ReadAction","target":["https:\/\/letangdescigales.com\/?p=1128"]}]},{"@type":"ImageObject","inLanguage":"fr-FR","@id":"https:\/\/letangdescigales.com\/?p=1128#primaryimage","url":"https:\/\/letangdescigales.com\/wp-content\/uploads\/2026\/02\/Retraite-yoga-Planning-26-29-juin.jpg","contentUrl":"https:\/\/letangdescigales.com\/wp-content\/uploads\/2026\/02\/Retraite-yoga-Planning-26-29-juin.jpg","width":411,"height":412,"caption":"Retraite yoga en pleine nature \u00e0 L\u2019\u00c9tang des Cigales"},{"@type":"BreadcrumbList","@id":"https:\/\/letangdescigales.com\/?p=1128#breadcrumb","itemListElement":[{"@type":"ListItem","position":1,"name":"Accueil","item":"https:\/\/letangdescigales.com\/"},{"@type":"ListItem","position":2,"name":"26 au 29 juin &#8211; Retraite Yoga d\u2019\u00e9t\u00e9 en Provence : Accueillir la lumi\u00e8re"}]},{"@type":"WebSite","@id":"https:\/\/letangdescigales.com\/#website","url":"https:\/\/letangdescigales.com\/","name":"L'\u00e9tang des cigales","description":"Votre s\u00e9jour en g\u00eete \u00e0 Uchaux","publisher":{"@id":"https:\/\/letangdescigales.com\/#organization"},"potentialAction":[{"@type":"SearchAction","target":{"@type":"EntryPoint","urlTemplate":"https:\/\/letangdescigales.com\/?s={search_term_string}"},"query-input":{"@type":"PropertyValueSpecification","valueRequired":true,"valueName":"search_term_string"}}],"inLanguage":"fr-FR"},{"@type":"Organization","@id":"https:\/\/letangdescigales.com\/#organization","name":"L'\u00e9tang des cigales","url":"https:\/\/letangdescigales.com\/","logo":{"@type":"ImageObject","inLanguage":"fr-FR","@id":"https:\/\/letangdescigales.com\/#\/schema\/logo\/image\/","url":"https:\/\/letangdescigales.com\/wp-content\/uploads\/2023\/04\/rond_couleur_etang_des_cigales.png","contentUrl":"https:\/\/letangdescigales.com\/wp-content\/uploads\/2023\/04\/rond_couleur_etang_des_cigales.png","width":1150,"height":1218,"caption":"L'\u00e9tang des cigales"},"image":{"@id":"https:\/\/letangdescigales.com\/#\/schema\/logo\/image\/"},"sameAs":["https:\/\/www.facebook.com\/profile.php?id=100064292554455"]},{"@type":"Person","@id":"https:\/\/letangdescigales.com\/#\/schema\/person\/cd611521cc342e98a9e58f13850c1b48","name":"adminetang","image":{"@type":"ImageObject","inLanguage":"fr-FR","@id":"https:\/\/secure.gravatar.com\/avatar\/e3c3992ae08857290f461f3850d547aeb822cfe932c795ec6b49b110eafae859?s=96&d=mm&r=g","url":"https:\/\/secure.gravatar.com\/avatar\/e3c3992ae08857290f461f3850d547aeb822cfe932c795ec6b49b110eafae859?s=96&d=mm&r=g","contentUrl":"https:\/\/secure.gravatar.com\/avatar\/e3c3992ae08857290f461f3850d547aeb822cfe932c795ec6b49b110eafae859?s=96&d=mm&r=g","caption":"adminetang"},"sameAs":["http:\/\/letangdescigales.com"],"url":"https:\/\/letangdescigales.com\/?author=1"}]}},"_links":{"self":[{"href":"https:\/\/letangdescigales.com\/index.php?rest_route=\/wp\/v2\/posts\/1128","targetHints":{"allow":["GET"]}}],"collection":[{"href":"https:\/\/letangdescigales.com\/index.php?rest_route=\/wp\/v2\/posts"}],"about":[{"href":"https:\/\/letangdescigales.com\/index.php?rest_route=\/wp\/v2\/types\/post"}],"author":[{"embeddable":true,"href":"https:\/\/letangdescigales.com\/index.php?rest_route=\/wp\/v2\/users\/1"}],"replies":[{"embeddable":true,"href":"https:\/\/letangdescigales.com\/index.php?rest_route=%2Fwp%2Fv2%2Fcomments&post=1128"}],"version-history":[{"count":11,"href":"https:\/\/letangdescigales.com\/index.php?rest_route=\/wp\/v2\/posts\/1128\/revisions"}],"predecessor-version":[{"id":1213,"href":"https:\/\/letangdescigales.com\/index.php?rest_route=\/wp\/v2\/posts\/1128\/revisions\/1213"}],"wp:featuredmedia":[{"embeddable":true,"href":"https:\/\/letangdescigales.com\/index.php?rest_route=\/wp\/v2\/media\/1182"}],"wp:attachment":[{"href":"https:\/\/letangdescigales.com\/index.php?rest_route=%2Fwp%2Fv2%2Fmedia&parent=1128"}],"wp:term":[{"taxonomy":"category","embeddable":true,"href":"https:\/\/letangdescigales.com\/index.php?rest_route=%2Fwp%2Fv2%2Fcategories&post=1128"},{"taxonomy":"post_tag","embeddable":true,"href":"https:\/\/letangdescigales.com\/index.php?rest_route=%2Fwp%2Fv2%2Ftags&post=1128"}],"curies":[{"name":"wp","href":"https:\/\/api.w.org\/{rel}","templated":true}]}}