{"id":1093,"date":"2025-04-17T09:00:33","date_gmt":"2025-04-17T07:00:33","guid":{"rendered":"https:\/\/letangdescigales.com\/?p=1093"},"modified":"2026-02-18T12:34:03","modified_gmt":"2026-02-18T11:34:03","slug":"17-19-avril-2026-retraite-spirituelle-feminine-vaucluse-etang-des-cigales","status":"publish","type":"post","link":"https:\/\/letangdescigales.com\/?p=1093","title":{"rendered":"17-19 Avril 2026 &#8211; Retraite Originelle : une retraite spirituelle f\u00e9minine \u00e0 L\u2019\u00c9tang des Cigales"},"content":{"rendered":"\t\t<div data-elementor-type=\"wp-post\" data-elementor-id=\"1093\" class=\"elementor elementor-1093\">\n\t\t\t\t<div class=\"elementor-element elementor-element-f2f4f5c e-flex e-con-boxed wpr-particle-no wpr-jarallax-no wpr-parallax-no wpr-sticky-section-no wpr-equal-height-no e-con e-parent\" data-id=\"f2f4f5c\" data-element_type=\"container\" data-e-type=\"container\">\n\t\t\t\t\t<div class=\"e-con-inner\">\n\t\t\t\t<div class=\"elementor-element elementor-element-f89656f elementor-widget elementor-widget-page-title\" data-id=\"f89656f\" data-element_type=\"widget\" data-e-type=\"widget\" data-settings=\"{&quot;align&quot;:&quot;center&quot;}\" data-widget_type=\"page-title.default\">\n\t\t\t\t<div class=\"elementor-widget-container\">\n\t\t\t\t\t\t\t\n\t\t<div class=\"hfe-page-title hfe-page-title-wrapper elementor-widget-heading\">\n\n\t\t\t\t\t\t\t\t\t\t\t<a href=\"https:\/\/letangdescigales.com\">\n\t\t\t\t\t\t<h2 class=\"elementor-heading-title elementor-size-default\">\n\t\t\t\t\t\t\t\t\n\t\t\t\t17-19 Avril 2026 &#8211; Retraite Originelle : une retraite spirituelle f\u00e9minine \u00e0 L\u2019\u00c9tang des Cigales  \n\t\t\t<\/h2 > \n\t\t\t\t\t\t\t\t\t<\/a>\n\t\t\t\t\t<\/div>\n\t\t\t\t\t\t<\/div>\n\t\t\t\t<\/div>\n\t\t\t\t<div class=\"elementor-element elementor-element-2fbcf15 elementor-widget elementor-widget-image\" data-id=\"2fbcf15\" data-element_type=\"widget\" data-e-type=\"widget\" data-widget_type=\"image.default\">\n\t\t\t\t<div class=\"elementor-widget-container\">\n\t\t\t\t\t\t\t\t\t\t\t\t\t\t\t\t<a href=\"https:\/\/letangdescigales.com\/wp-content\/uploads\/2026\/02\/etang-des-cigales-uchaux-retraite-originelle-jessica-ricotta-avril-2026.jpg\" data-elementor-open-lightbox=\"yes\" data-elementor-lightbox-title=\"Retraite spirituelle f\u00e9minine \u00e0 L\u2019\u00c9tang des Cigales\" data-e-action-hash=\"#elementor-action%3Aaction%3Dlightbox%26settings%3DeyJpZCI6MTA5MCwidXJsIjoiaHR0cHM6XC9cL2xldGFuZ2Rlc2NpZ2FsZXMuY29tXC93cC1jb250ZW50XC91cGxvYWRzXC8yMDI2XC8wMlwvZXRhbmctZGVzLWNpZ2FsZXMtdWNoYXV4LXJldHJhaXRlLW9yaWdpbmVsbGUtamVzc2ljYS1yaWNvdHRhLWF2cmlsLTIwMjYuanBnIn0%3D\">\n\t\t\t\t\t\t\t<img fetchpriority=\"high\" decoding=\"async\" width=\"212\" height=\"300\" src=\"https:\/\/letangdescigales.com\/wp-content\/uploads\/2026\/02\/etang-des-cigales-uchaux-retraite-originelle-jessica-ricotta-avril-2026-212x300.jpg\" class=\"attachment-medium size-medium wp-image-1090\" alt=\"Retraite spirituelle f\u00e9minine \u00e0 L\u2019\u00c9tang des Cigales \u00e0 Uchaux dans le Vaucluse\" srcset=\"https:\/\/letangdescigales.com\/wp-content\/uploads\/2026\/02\/etang-des-cigales-uchaux-retraite-originelle-jessica-ricotta-avril-2026-212x300.jpg 212w, https:\/\/letangdescigales.com\/wp-content\/uploads\/2026\/02\/etang-des-cigales-uchaux-retraite-originelle-jessica-ricotta-avril-2026.jpg 636w\" sizes=\"(max-width: 212px) 100vw, 212px\" \/>\t\t\t\t\t\t\t\t<\/a>\n\t\t\t\t\t\t\t\t\t\t\t\t\t\t\t<\/div>\n\t\t\t\t<\/div>\n\t\t\t\t<div class=\"elementor-element elementor-element-115cb31 elementor-widget__width-initial elementor-widget elementor-widget-text-editor\" data-id=\"115cb31\" data-element_type=\"widget\" data-e-type=\"widget\" data-widget_type=\"text-editor.default\">\n\t\t\t\t<div class=\"elementor-widget-container\">\n\t\t\t\t\t\t\t\t\t<p>Du <strong>17 au 19 avril 2026<\/strong>, <strong>L\u2019\u00c9tang des Cigales<\/strong>, situ\u00e9 \u00e0 <strong>Uchaux (84100)<\/strong> au c\u0153ur du <strong>Vaucluse<\/strong>, accueille la <strong>Retraite Originelle<\/strong>, une <strong>retraite spirituelle 100 % f\u00e9minine<\/strong> pens\u00e9e comme une parenth\u00e8se hors du temps. Ce s\u00e9jour unique s\u2019adresse aux femmes d\u00e9sireuses de se reconnecter \u00e0 elles-m\u00eames, de ralentir et de vivre une exp\u00e9rience profonde dans un cadre naturel apaisant.<\/p><h2>Un moment entre femmes pour se reconnecter \u00e0 l\u2019essentiel<\/h2><p>Organis\u00e9e en <strong>petit groupe<\/strong>, cette retraite spirituelle f\u00e9minine favorise l\u2019\u00e9coute, le partage et l\u2019authenticit\u00e9. Loin du tumulte du quotidien, les participantes sont invit\u00e9es \u00e0 vivre un temps de reconnexion int\u00e9rieure, de recentrage et d\u2019ouverture, dans une atmosph\u00e8re bienveillante et s\u00e9curisante.<\/p><h2>Un programme riche en exp\u00e9riences transformatrices<\/h2><p>La <strong>Retraite Originelle<\/strong> propose un programme complet m\u00ealant pratiques \u00e9nerg\u00e9tiques, spirituelles et cr\u00e9atives :<\/p><ul><li>C\u00e9r\u00e9monie de cacao sacr\u00e9<\/li><li>Activation \u00e9nerg\u00e9tique<\/li><li>Cr\u00e9ations manuelles<\/li><li>Balades en pleine nature<\/li><li>M\u00e9ditation magn\u00e9tique<\/li><li>Cercle de parole et de partage<\/li><\/ul><p>Chaque activit\u00e9 est con\u00e7ue pour permettre aux femmes de se reconnecter \u00e0 leur corps, \u00e0 leurs \u00e9motions et \u00e0 leur intuition, dans un esprit de douceur et de respect.<\/p><h2>Un cadre naturel propice au l\u00e2cher-prise<\/h2><p>Implant\u00e9 dans un environnement naturel pr\u00e9serv\u00e9, <strong>L\u2019\u00c9tang des Cigales \u00e0 Uchaux<\/strong> offre un cadre id\u00e9al pour une retraite spirituelle dans le <strong>Vaucluse<\/strong>. La nature environnante, le calme du lieu et l\u2019atmosph\u00e8re sereine participent pleinement \u00e0 l\u2019exp\u00e9rience de reconnexion et de ressourcement.<\/p><h2>Pension compl\u00e8te et informations pratiques<\/h2><p>La retraite se d\u00e9roule en <strong>pension compl\u00e8te<\/strong> du <strong>17 au 19 avril 2026<\/strong>. L\u2019h\u00e9bergement, les repas et l\u2019ensemble des activit\u00e9s sont inclus afin de permettre aux participantes de vivre pleinement leur s\u00e9jour, sans contraintes mat\u00e9rielles.<\/p><p><strong>Attention :<\/strong> il reste actuellement <strong>4 places disponibles<\/strong>.<\/p><h2>R\u00e9servations et renseignements<\/h2><p>Pour toute demande d\u2019information ou pour r\u00e9server votre place \u00e0 la <strong>Retraite Originelle<\/strong>, contactez <strong>Jessica Ricotta<\/strong> :<\/p><p><strong>Par SMS :<\/strong> 06 31 38 81 27<\/p><p>Cette retraite spirituelle f\u00e9minine \u00e0 <strong>L\u2019\u00c9tang des Cigales<\/strong> est une invitation \u00e0 ralentir, \u00e0 se reconnecter \u00e0 soi et \u00e0 vivre une exp\u00e9rience profond\u00e9ment transformatrice au c\u0153ur du <strong>Vaucluse<\/strong>.<\/p>\t\t\t\t\t\t\t\t<\/div>\n\t\t\t\t<\/div>\n\t\t\t\t<div class=\"elementor-element elementor-element-1014f9b elementor-align-center elementor-widget elementor-widget-button\" data-id=\"1014f9b\" data-element_type=\"widget\" data-e-type=\"widget\" data-widget_type=\"button.default\">\n\t\t\t\t<div class=\"elementor-widget-container\">\n\t\t\t\t\t\t\t\t\t<div class=\"elementor-button-wrapper\">\n\t\t\t\t\t<a class=\"elementor-button elementor-button-link elementor-size-sm\" href=\"https:\/\/letangdescigales.com\/wp-content\/uploads\/2026\/02\/etang-des-cigales-uchaux-retraite-originelle-jessica-ricotta-avril-2026-programme.pdf\" target=\"_blank\">\n\t\t\t\t\t\t<span class=\"elementor-button-content-wrapper\">\n\t\t\t\t\t\t<span class=\"elementor-button-icon\">\n\t\t\t\t<svg aria-hidden=\"true\" class=\"e-font-icon-svg e-far-map\" viewBox=\"0 0 576 512\" xmlns=\"http:\/\/www.w3.org\/2000\/svg\"><path d=\"M560.02 32c-1.96 0-3.98.37-5.96 1.16L384.01 96H384L212 35.28A64.252 64.252 0 0 0 191.76 32c-6.69 0-13.37 1.05-19.81 3.14L20.12 87.95A32.006 32.006 0 0 0 0 117.66v346.32C0 473.17 7.53 480 15.99 480c1.96 0 3.97-.37 5.96-1.16L192 416l172 60.71a63.98 63.98 0 0 0 40.05.15l151.83-52.81A31.996 31.996 0 0 0 576 394.34V48.02c0-9.19-7.53-16.02-15.98-16.02zM224 90.42l128 45.19v285.97l-128-45.19V90.42zM48 418.05V129.07l128-44.53v286.2l-.64.23L48 418.05zm480-35.13l-128 44.53V141.26l.64-.24L528 93.95v288.97z\"><\/path><\/svg>\t\t\t<\/span>\n\t\t\t\t\t\t\t\t\t<span class=\"elementor-button-text\">Voir le programme<\/span>\n\t\t\t\t\t<\/span>\n\t\t\t\t\t<\/a>\n\t\t\t\t<\/div>\n\t\t\t\t\t\t\t\t<\/div>\n\t\t\t\t<\/div>\n\t\t\t\t<div class=\"elementor-element elementor-element-aaa0c84 elementor-align-center elementor-widget elementor-widget-button\" data-id=\"aaa0c84\" data-element_type=\"widget\" data-e-type=\"widget\" data-widget_type=\"button.default\">\n\t\t\t\t<div class=\"elementor-widget-container\">\n\t\t\t\t\t\t\t\t\t<div class=\"elementor-button-wrapper\">\n\t\t\t\t\t<a class=\"elementor-button elementor-button-link elementor-size-sm\" href=\"https:\/\/letangdescigales.com\/?p=1022\">\n\t\t\t\t\t\t<span class=\"elementor-button-content-wrapper\">\n\t\t\t\t\t\t<span class=\"elementor-button-icon\">\n\t\t\t\t<i aria-hidden=\"true\" class=\"icon icon-list1\"><\/i>\t\t\t<\/span>\n\t\t\t\t\t\t\t\t\t<span class=\"elementor-button-text\">Voir tous les \u00e9v\u00e9nements<\/span>\n\t\t\t\t\t<\/span>\n\t\t\t\t\t<\/a>\n\t\t\t\t<\/div>\n\t\t\t\t\t\t\t\t<\/div>\n\t\t\t\t<\/div>\n\t\t\t\t\t<\/div>\n\t\t\t\t<\/div>\n\t\t\t\t<\/div>\n\t\t","protected":false},"excerpt":{"rendered":"<p>17-19 Avril 2026 &#8211; Retraite Originelle : une retraite spirituelle f\u00e9minine \u00e0 L\u2019\u00c9tang des Cigales Du 17 au 19 avril 2026, L\u2019\u00c9tang des Cigales, situ\u00e9 \u00e0 Uchaux (84100) au c\u0153ur du Vaucluse, accueille la Retraite Originelle, une retraite spirituelle 100 % f\u00e9minine pens\u00e9e comme une parenth\u00e8se hors du temps. Ce s\u00e9jour unique s\u2019adresse aux femmes d\u00e9sireuses de se reconnecter \u00e0 elles-m\u00eames, de ralentir et de vivre une exp\u00e9rience profonde dans un cadre naturel apaisant. Un moment entre femmes pour se reconnecter \u00e0 l\u2019essentiel Organis\u00e9e en petit groupe, cette retraite spirituelle f\u00e9minine favorise l\u2019\u00e9coute, le partage et l\u2019authenticit\u00e9. Loin du tumulte du quotidien, les participantes sont invit\u00e9es \u00e0 vivre un temps de reconnexion int\u00e9rieure, de recentrage et d\u2019ouverture, dans une atmosph\u00e8re bienveillante et s\u00e9curisante. Un programme riche en exp\u00e9riences transformatrices La Retraite Originelle propose un programme complet m\u00ealant pratiques \u00e9nerg\u00e9tiques, spirituelles et cr\u00e9atives : C\u00e9r\u00e9monie de cacao sacr\u00e9 Activation \u00e9nerg\u00e9tique Cr\u00e9ations manuelles Balades en pleine nature M\u00e9ditation magn\u00e9tique Cercle de parole et de partage Chaque activit\u00e9 est con\u00e7ue pour permettre aux femmes de se reconnecter \u00e0 leur corps, \u00e0 leurs \u00e9motions et \u00e0 leur intuition, dans un esprit de douceur et de respect. Un cadre naturel propice au l\u00e2cher-prise Implant\u00e9 dans un environnement naturel pr\u00e9serv\u00e9, L\u2019\u00c9tang des Cigales \u00e0 Uchaux offre un cadre id\u00e9al pour une retraite spirituelle dans le Vaucluse. La nature environnante, le calme du lieu et l\u2019atmosph\u00e8re sereine participent pleinement \u00e0 l\u2019exp\u00e9rience de reconnexion et de ressourcement. Pension compl\u00e8te et informations pratiques La retraite se d\u00e9roule en pension compl\u00e8te du 17 au 19 avril 2026. L\u2019h\u00e9bergement, les repas et l\u2019ensemble des activit\u00e9s sont inclus afin de permettre aux participantes de vivre pleinement leur s\u00e9jour, sans contraintes mat\u00e9rielles. Attention : il reste actuellement 4 places disponibles. R\u00e9servations et renseignements Pour toute demande d\u2019information ou pour r\u00e9server votre place \u00e0 la Retraite Originelle, contactez Jessica Ricotta : Par SMS : 06 31 38 81 27 Cette retraite spirituelle f\u00e9minine \u00e0 L\u2019\u00c9tang des Cigales est une invitation \u00e0 ralentir, \u00e0 se reconnecter \u00e0 soi et \u00e0 vivre une exp\u00e9rience profond\u00e9ment transformatrice au c\u0153ur du Vaucluse. Voir le programme Voir tous les \u00e9v\u00e9nements<\/p>\n","protected":false},"author":1,"featured_media":1090,"comment_status":"closed","ping_status":"closed","sticky":false,"template":"","format":"standard","meta":{"footnotes":""},"categories":[1],"tags":[],"class_list":["post-1093","post","type-post","status-publish","format-standard","has-post-thumbnail","hentry","category-non-classe"],"yoast_head":"<!-- This site is optimized with the Yoast SEO plugin v27.5 - https:\/\/yoast.com\/product\/yoast-seo-wordpress\/ -->\n<title>17-19 Avril 2026 - Retraite Originelle : une retraite spirituelle f\u00e9minine \u00e0 L\u2019\u00c9tang des Cigales - l&#039;\u00c9tang des Cigales<\/title>\n<meta name=\"description\" content=\"Retraite spirituelle f\u00e9minine \u00e0 Uchaux dans le Vaucluse. Pension compl\u00e8te du 17 au 19 avril 2026 \u00e0 L\u2019\u00c9tang des Cigales.\" \/>\n<meta name=\"robots\" content=\"index, follow, max-snippet:-1, max-image-preview:large, max-video-preview:-1\" \/>\n<link rel=\"canonical\" href=\"https:\/\/letangdescigales.com\/?p=1093\" \/>\n<meta property=\"og:locale\" content=\"fr_FR\" \/>\n<meta property=\"og:type\" content=\"article\" \/>\n<meta property=\"og:title\" content=\"17-19 Avril 2026 - Retraite Originelle : une retraite spirituelle f\u00e9minine \u00e0 L\u2019\u00c9tang des Cigales - l&#039;\u00c9tang des Cigales\" \/>\n<meta property=\"og:description\" content=\"Retraite spirituelle f\u00e9minine \u00e0 Uchaux dans le Vaucluse. Pension compl\u00e8te du 17 au 19 avril 2026 \u00e0 L\u2019\u00c9tang des Cigales.\" \/>\n<meta property=\"og:url\" content=\"https:\/\/letangdescigales.com\/?p=1093\" \/>\n<meta property=\"og:site_name\" content=\"l&#039;\u00c9tang des Cigales\" \/>\n<meta property=\"article:publisher\" content=\"https:\/\/www.facebook.com\/profile.php?id=100064292554455\" \/>\n<meta property=\"article:published_time\" content=\"2025-04-17T07:00:33+00:00\" \/>\n<meta property=\"article:modified_time\" content=\"2026-02-18T11:34:03+00:00\" \/>\n<meta property=\"og:image\" content=\"https:\/\/letangdescigales.com\/wp-content\/uploads\/2026\/02\/etang-des-cigales-uchaux-retraite-originelle-jessica-ricotta-avril-2026.jpg\" \/>\n\t<meta property=\"og:image:width\" content=\"636\" \/>\n\t<meta property=\"og:image:height\" content=\"900\" \/>\n\t<meta property=\"og:image:type\" content=\"image\/jpeg\" \/>\n<meta name=\"author\" content=\"adminetang\" \/>\n<script type=\"application\/ld+json\" class=\"yoast-schema-graph\">{\"@context\":\"https:\\\/\\\/schema.org\",\"@graph\":[{\"@type\":\"Article\",\"@id\":\"https:\\\/\\\/letangdescigales.com\\\/?p=1093#article\",\"isPartOf\":{\"@id\":\"https:\\\/\\\/letangdescigales.com\\\/?p=1093\"},\"author\":{\"name\":\"adminetang\",\"@id\":\"https:\\\/\\\/letangdescigales.com\\\/#\\\/schema\\\/person\\\/cd611521cc342e98a9e58f13850c1b48\"},\"headline\":\"17-19 Avril 2026 &#8211; Retraite Originelle : une retraite spirituelle f\u00e9minine \u00e0 L\u2019\u00c9tang des Cigales\",\"datePublished\":\"2025-04-17T07:00:33+00:00\",\"dateModified\":\"2026-02-18T11:34:03+00:00\",\"mainEntityOfPage\":{\"@id\":\"https:\\\/\\\/letangdescigales.com\\\/?p=1093\"},\"wordCount\":386,\"publisher\":{\"@id\":\"https:\\\/\\\/letangdescigales.com\\\/#organization\"},\"image\":{\"@id\":\"https:\\\/\\\/letangdescigales.com\\\/?p=1093#primaryimage\"},\"thumbnailUrl\":\"https:\\\/\\\/letangdescigales.com\\\/wp-content\\\/uploads\\\/2026\\\/02\\\/etang-des-cigales-uchaux-retraite-originelle-jessica-ricotta-avril-2026.jpg\",\"inLanguage\":\"fr-FR\"},{\"@type\":\"WebPage\",\"@id\":\"https:\\\/\\\/letangdescigales.com\\\/?p=1093\",\"url\":\"https:\\\/\\\/letangdescigales.com\\\/?p=1093\",\"name\":\"17-19 Avril 2026 - Retraite Originelle : une retraite spirituelle f\u00e9minine \u00e0 L\u2019\u00c9tang des Cigales - l&#039;\u00c9tang des Cigales\",\"isPartOf\":{\"@id\":\"https:\\\/\\\/letangdescigales.com\\\/#website\"},\"primaryImageOfPage\":{\"@id\":\"https:\\\/\\\/letangdescigales.com\\\/?p=1093#primaryimage\"},\"image\":{\"@id\":\"https:\\\/\\\/letangdescigales.com\\\/?p=1093#primaryimage\"},\"thumbnailUrl\":\"https:\\\/\\\/letangdescigales.com\\\/wp-content\\\/uploads\\\/2026\\\/02\\\/etang-des-cigales-uchaux-retraite-originelle-jessica-ricotta-avril-2026.jpg\",\"datePublished\":\"2025-04-17T07:00:33+00:00\",\"dateModified\":\"2026-02-18T11:34:03+00:00\",\"description\":\"Retraite spirituelle f\u00e9minine \u00e0 Uchaux dans le Vaucluse. Pension compl\u00e8te du 17 au 19 avril 2026 \u00e0 L\u2019\u00c9tang des Cigales.\",\"breadcrumb\":{\"@id\":\"https:\\\/\\\/letangdescigales.com\\\/?p=1093#breadcrumb\"},\"inLanguage\":\"fr-FR\",\"potentialAction\":[{\"@type\":\"ReadAction\",\"target\":[\"https:\\\/\\\/letangdescigales.com\\\/?p=1093\"]}]},{\"@type\":\"ImageObject\",\"inLanguage\":\"fr-FR\",\"@id\":\"https:\\\/\\\/letangdescigales.com\\\/?p=1093#primaryimage\",\"url\":\"https:\\\/\\\/letangdescigales.com\\\/wp-content\\\/uploads\\\/2026\\\/02\\\/etang-des-cigales-uchaux-retraite-originelle-jessica-ricotta-avril-2026.jpg\",\"contentUrl\":\"https:\\\/\\\/letangdescigales.com\\\/wp-content\\\/uploads\\\/2026\\\/02\\\/etang-des-cigales-uchaux-retraite-originelle-jessica-ricotta-avril-2026.jpg\",\"width\":636,\"height\":900,\"caption\":\"Retraite spirituelle f\u00e9minine \u00e0 L\u2019\u00c9tang des Cigales \u00e0 Uchaux dans le Vaucluse\"},{\"@type\":\"BreadcrumbList\",\"@id\":\"https:\\\/\\\/letangdescigales.com\\\/?p=1093#breadcrumb\",\"itemListElement\":[{\"@type\":\"ListItem\",\"position\":1,\"name\":\"Accueil\",\"item\":\"https:\\\/\\\/letangdescigales.com\\\/\"},{\"@type\":\"ListItem\",\"position\":2,\"name\":\"17-19 Avril 2026 &#8211; Retraite Originelle : une retraite spirituelle f\u00e9minine \u00e0 L\u2019\u00c9tang des Cigales\"}]},{\"@type\":\"WebSite\",\"@id\":\"https:\\\/\\\/letangdescigales.com\\\/#website\",\"url\":\"https:\\\/\\\/letangdescigales.com\\\/\",\"name\":\"L'\u00e9tang des cigales\",\"description\":\"Votre s\u00e9jour en g\u00eete \u00e0 Uchaux\",\"publisher\":{\"@id\":\"https:\\\/\\\/letangdescigales.com\\\/#organization\"},\"potentialAction\":[{\"@type\":\"SearchAction\",\"target\":{\"@type\":\"EntryPoint\",\"urlTemplate\":\"https:\\\/\\\/letangdescigales.com\\\/?s={search_term_string}\"},\"query-input\":{\"@type\":\"PropertyValueSpecification\",\"valueRequired\":true,\"valueName\":\"search_term_string\"}}],\"inLanguage\":\"fr-FR\"},{\"@type\":\"Organization\",\"@id\":\"https:\\\/\\\/letangdescigales.com\\\/#organization\",\"name\":\"L'\u00e9tang des cigales\",\"url\":\"https:\\\/\\\/letangdescigales.com\\\/\",\"logo\":{\"@type\":\"ImageObject\",\"inLanguage\":\"fr-FR\",\"@id\":\"https:\\\/\\\/letangdescigales.com\\\/#\\\/schema\\\/logo\\\/image\\\/\",\"url\":\"https:\\\/\\\/letangdescigales.com\\\/wp-content\\\/uploads\\\/2023\\\/04\\\/rond_couleur_etang_des_cigales.png\",\"contentUrl\":\"https:\\\/\\\/letangdescigales.com\\\/wp-content\\\/uploads\\\/2023\\\/04\\\/rond_couleur_etang_des_cigales.png\",\"width\":1150,\"height\":1218,\"caption\":\"L'\u00e9tang des cigales\"},\"image\":{\"@id\":\"https:\\\/\\\/letangdescigales.com\\\/#\\\/schema\\\/logo\\\/image\\\/\"},\"sameAs\":[\"https:\\\/\\\/www.facebook.com\\\/profile.php?id=100064292554455\"]},{\"@type\":\"Person\",\"@id\":\"https:\\\/\\\/letangdescigales.com\\\/#\\\/schema\\\/person\\\/cd611521cc342e98a9e58f13850c1b48\",\"name\":\"adminetang\",\"image\":{\"@type\":\"ImageObject\",\"inLanguage\":\"fr-FR\",\"@id\":\"https:\\\/\\\/secure.gravatar.com\\\/avatar\\\/e3c3992ae08857290f461f3850d547aeb822cfe932c795ec6b49b110eafae859?s=96&d=mm&r=g\",\"url\":\"https:\\\/\\\/secure.gravatar.com\\\/avatar\\\/e3c3992ae08857290f461f3850d547aeb822cfe932c795ec6b49b110eafae859?s=96&d=mm&r=g\",\"contentUrl\":\"https:\\\/\\\/secure.gravatar.com\\\/avatar\\\/e3c3992ae08857290f461f3850d547aeb822cfe932c795ec6b49b110eafae859?s=96&d=mm&r=g\",\"caption\":\"adminetang\"},\"sameAs\":[\"http:\\\/\\\/letangdescigales.com\"],\"url\":\"https:\\\/\\\/letangdescigales.com\\\/?author=1\"}]}<\/script>\n<!-- \/ Yoast SEO plugin. -->","yoast_head_json":{"title":"17-19 Avril 2026 - Retraite Originelle : une retraite spirituelle f\u00e9minine \u00e0 L\u2019\u00c9tang des Cigales - l&#039;\u00c9tang des Cigales","description":"Retraite spirituelle f\u00e9minine \u00e0 Uchaux dans le Vaucluse. Pension compl\u00e8te du 17 au 19 avril 2026 \u00e0 L\u2019\u00c9tang des Cigales.","robots":{"index":"index","follow":"follow","max-snippet":"max-snippet:-1","max-image-preview":"max-image-preview:large","max-video-preview":"max-video-preview:-1"},"canonical":"https:\/\/letangdescigales.com\/?p=1093","og_locale":"fr_FR","og_type":"article","og_title":"17-19 Avril 2026 - Retraite Originelle : une retraite spirituelle f\u00e9minine \u00e0 L\u2019\u00c9tang des Cigales - l&#039;\u00c9tang des Cigales","og_description":"Retraite spirituelle f\u00e9minine \u00e0 Uchaux dans le Vaucluse. Pension compl\u00e8te du 17 au 19 avril 2026 \u00e0 L\u2019\u00c9tang des Cigales.","og_url":"https:\/\/letangdescigales.com\/?p=1093","og_site_name":"l&#039;\u00c9tang des Cigales","article_publisher":"https:\/\/www.facebook.com\/profile.php?id=100064292554455","article_published_time":"2025-04-17T07:00:33+00:00","article_modified_time":"2026-02-18T11:34:03+00:00","og_image":[{"width":636,"height":900,"url":"https:\/\/letangdescigales.com\/wp-content\/uploads\/2026\/02\/etang-des-cigales-uchaux-retraite-originelle-jessica-ricotta-avril-2026.jpg","type":"image\/jpeg"}],"author":"adminetang","schema":{"@context":"https:\/\/schema.org","@graph":[{"@type":"Article","@id":"https:\/\/letangdescigales.com\/?p=1093#article","isPartOf":{"@id":"https:\/\/letangdescigales.com\/?p=1093"},"author":{"name":"adminetang","@id":"https:\/\/letangdescigales.com\/#\/schema\/person\/cd611521cc342e98a9e58f13850c1b48"},"headline":"17-19 Avril 2026 &#8211; Retraite Originelle : une retraite spirituelle f\u00e9minine \u00e0 L\u2019\u00c9tang des Cigales","datePublished":"2025-04-17T07:00:33+00:00","dateModified":"2026-02-18T11:34:03+00:00","mainEntityOfPage":{"@id":"https:\/\/letangdescigales.com\/?p=1093"},"wordCount":386,"publisher":{"@id":"https:\/\/letangdescigales.com\/#organization"},"image":{"@id":"https:\/\/letangdescigales.com\/?p=1093#primaryimage"},"thumbnailUrl":"https:\/\/letangdescigales.com\/wp-content\/uploads\/2026\/02\/etang-des-cigales-uchaux-retraite-originelle-jessica-ricotta-avril-2026.jpg","inLanguage":"fr-FR"},{"@type":"WebPage","@id":"https:\/\/letangdescigales.com\/?p=1093","url":"https:\/\/letangdescigales.com\/?p=1093","name":"17-19 Avril 2026 - Retraite Originelle : une retraite spirituelle f\u00e9minine \u00e0 L\u2019\u00c9tang des Cigales - l&#039;\u00c9tang des Cigales","isPartOf":{"@id":"https:\/\/letangdescigales.com\/#website"},"primaryImageOfPage":{"@id":"https:\/\/letangdescigales.com\/?p=1093#primaryimage"},"image":{"@id":"https:\/\/letangdescigales.com\/?p=1093#primaryimage"},"thumbnailUrl":"https:\/\/letangdescigales.com\/wp-content\/uploads\/2026\/02\/etang-des-cigales-uchaux-retraite-originelle-jessica-ricotta-avril-2026.jpg","datePublished":"2025-04-17T07:00:33+00:00","dateModified":"2026-02-18T11:34:03+00:00","description":"Retraite spirituelle f\u00e9minine \u00e0 Uchaux dans le Vaucluse. Pension compl\u00e8te du 17 au 19 avril 2026 \u00e0 L\u2019\u00c9tang des Cigales.","breadcrumb":{"@id":"https:\/\/letangdescigales.com\/?p=1093#breadcrumb"},"inLanguage":"fr-FR","potentialAction":[{"@type":"ReadAction","target":["https:\/\/letangdescigales.com\/?p=1093"]}]},{"@type":"ImageObject","inLanguage":"fr-FR","@id":"https:\/\/letangdescigales.com\/?p=1093#primaryimage","url":"https:\/\/letangdescigales.com\/wp-content\/uploads\/2026\/02\/etang-des-cigales-uchaux-retraite-originelle-jessica-ricotta-avril-2026.jpg","contentUrl":"https:\/\/letangdescigales.com\/wp-content\/uploads\/2026\/02\/etang-des-cigales-uchaux-retraite-originelle-jessica-ricotta-avril-2026.jpg","width":636,"height":900,"caption":"Retraite spirituelle f\u00e9minine \u00e0 L\u2019\u00c9tang des Cigales \u00e0 Uchaux dans le Vaucluse"},{"@type":"BreadcrumbList","@id":"https:\/\/letangdescigales.com\/?p=1093#breadcrumb","itemListElement":[{"@type":"ListItem","position":1,"name":"Accueil","item":"https:\/\/letangdescigales.com\/"},{"@type":"ListItem","position":2,"name":"17-19 Avril 2026 &#8211; Retraite Originelle : une retraite spirituelle f\u00e9minine \u00e0 L\u2019\u00c9tang des Cigales"}]},{"@type":"WebSite","@id":"https:\/\/letangdescigales.com\/#website","url":"https:\/\/letangdescigales.com\/","name":"L'\u00e9tang des cigales","description":"Votre s\u00e9jour en g\u00eete \u00e0 Uchaux","publisher":{"@id":"https:\/\/letangdescigales.com\/#organization"},"potentialAction":[{"@type":"SearchAction","target":{"@type":"EntryPoint","urlTemplate":"https:\/\/letangdescigales.com\/?s={search_term_string}"},"query-input":{"@type":"PropertyValueSpecification","valueRequired":true,"valueName":"search_term_string"}}],"inLanguage":"fr-FR"},{"@type":"Organization","@id":"https:\/\/letangdescigales.com\/#organization","name":"L'\u00e9tang des cigales","url":"https:\/\/letangdescigales.com\/","logo":{"@type":"ImageObject","inLanguage":"fr-FR","@id":"https:\/\/letangdescigales.com\/#\/schema\/logo\/image\/","url":"https:\/\/letangdescigales.com\/wp-content\/uploads\/2023\/04\/rond_couleur_etang_des_cigales.png","contentUrl":"https:\/\/letangdescigales.com\/wp-content\/uploads\/2023\/04\/rond_couleur_etang_des_cigales.png","width":1150,"height":1218,"caption":"L'\u00e9tang des cigales"},"image":{"@id":"https:\/\/letangdescigales.com\/#\/schema\/logo\/image\/"},"sameAs":["https:\/\/www.facebook.com\/profile.php?id=100064292554455"]},{"@type":"Person","@id":"https:\/\/letangdescigales.com\/#\/schema\/person\/cd611521cc342e98a9e58f13850c1b48","name":"adminetang","image":{"@type":"ImageObject","inLanguage":"fr-FR","@id":"https:\/\/secure.gravatar.com\/avatar\/e3c3992ae08857290f461f3850d547aeb822cfe932c795ec6b49b110eafae859?s=96&d=mm&r=g","url":"https:\/\/secure.gravatar.com\/avatar\/e3c3992ae08857290f461f3850d547aeb822cfe932c795ec6b49b110eafae859?s=96&d=mm&r=g","contentUrl":"https:\/\/secure.gravatar.com\/avatar\/e3c3992ae08857290f461f3850d547aeb822cfe932c795ec6b49b110eafae859?s=96&d=mm&r=g","caption":"adminetang"},"sameAs":["http:\/\/letangdescigales.com"],"url":"https:\/\/letangdescigales.com\/?author=1"}]}},"_links":{"self":[{"href":"https:\/\/letangdescigales.com\/index.php?rest_route=\/wp\/v2\/posts\/1093","targetHints":{"allow":["GET"]}}],"collection":[{"href":"https:\/\/letangdescigales.com\/index.php?rest_route=\/wp\/v2\/posts"}],"about":[{"href":"https:\/\/letangdescigales.com\/index.php?rest_route=\/wp\/v2\/types\/post"}],"author":[{"embeddable":true,"href":"https:\/\/letangdescigales.com\/index.php?rest_route=\/wp\/v2\/users\/1"}],"replies":[{"embeddable":true,"href":"https:\/\/letangdescigales.com\/index.php?rest_route=%2Fwp%2Fv2%2Fcomments&post=1093"}],"version-history":[{"count":21,"href":"https:\/\/letangdescigales.com\/index.php?rest_route=\/wp\/v2\/posts\/1093\/revisions"}],"predecessor-version":[{"id":1222,"href":"https:\/\/letangdescigales.com\/index.php?rest_route=\/wp\/v2\/posts\/1093\/revisions\/1222"}],"wp:featuredmedia":[{"embeddable":true,"href":"https:\/\/letangdescigales.com\/index.php?rest_route=\/wp\/v2\/media\/1090"}],"wp:attachment":[{"href":"https:\/\/letangdescigales.com\/index.php?rest_route=%2Fwp%2Fv2%2Fmedia&parent=1093"}],"wp:term":[{"taxonomy":"category","embeddable":true,"href":"https:\/\/letangdescigales.com\/index.php?rest_route=%2Fwp%2Fv2%2Fcategories&post=1093"},{"taxonomy":"post_tag","embeddable":true,"href":"https:\/\/letangdescigales.com\/index.php?rest_route=%2Fwp%2Fv2%2Ftags&post=1093"}],"curies":[{"name":"wp","href":"https:\/\/api.w.org\/{rel}","templated":true}]}}